{"id":35503,"date":"2023-01-16T09:25:10","date_gmt":"2023-01-16T15:25:10","guid":{"rendered":"https:\/\/encuentroinformativo.com.mx\/?p=35503"},"modified":"2023-01-16T09:25:14","modified_gmt":"2023-01-16T15:25:14","slug":"protestan-en-salud-acusan-mas-despidos-injustificados","status":"publish","type":"post","link":"https:\/\/encuentroinformativo.com.mx\/?p=35503","title":{"rendered":"Protestan en Salud, acusan m\u00e1s despidos injustificados"},"content":{"rendered":"\n<p><strong>Dar\u00edo Pale <\/strong><\/p>\n\n\n\n<p>Xalapa, Ver.- De nueva cuenta toman las oficinas centrales de Secretar\u00eda de Salud (SS), los trabajadores por despidos injustificados, exigen di\u00e1logo con el Gobernador o no se van a retirar, as\u00ed lo dio a conocer Norma Myriam Casas Fern\u00e1ndez trabajadores de dicha dependencia.<\/p>\n\n\n\n<p>Entrevista durante la manifestaci\u00f3n dio a conocer que los trabajadores adheridos a diversos sindicatos de la Secretar\u00eda de Salud, bloquearon la entrada de las oficinas centrales de la dependencia, luego del cese de tres trabajadores de la Direcci\u00f3n de Protecci\u00f3n contra Riesgos Sanitarios.<\/p>\n\n\n\n<p>Record\u00f3 que solicitaron 34 c\u00f3digos para ser beneficiados respecto de una mejora salarial o escalaf\u00f3n, cuando hubo la oportunidad en el mes de diciembre, pero desafortunadamente despu\u00e9s de tener reuniones con los funcionarios de la dependencia quienes les prometieron que podr\u00edan ser beneficiarios, result\u00f3 que el 16 de diciembre les informaron del despido por haber exigido el beneficio.<\/p>\n\n\n\n<p>&#8220;La vez pasada que nos paramos aqu\u00ed para exigir justicia laboral, hicimos unos acuerdos con Jorge Eduardo Sisniega, director administrativo y con Jorge Luis Reyna Reyes, director del Jur\u00eddico, para 34 c\u00f3digos para poder escalafonar&#8221;, se\u00f1al\u00f3.<\/p>\n\n\n\n<p>&#8220;Firmamos acuerdos, quedamos de trabajar en unas reuniones, as\u00ed pensamos y que no iba a haber represalias y el 16 emiten ceses al personal de la Direcci\u00f3n de Protecci\u00f3n contra Riesgos Sanitarios&#8221;, agreg\u00f3.<\/p>\n\n\n\n<p>Aunque en dicha \u00e1rea solamente son tres, expuso que hay al menos 16 despidos de trabajadores de otras \u00e1reas por distintos motivos, uno de esos fue a un trabajador del \u00e1rea de Transportes que tuvo Covid y por no asistir por estar enfermo, fue despedido.<\/p>\n\n\n\n<p>La trabajadora inconforme asegur\u00f3 que el bloqueo de la dependencia es \u00fanicamente para los trabajadores de las oficinas centrales, pero est\u00e1n permitiendo la salida de medicamentos o la salida de unidades emergencias.<\/p>\n\n\n\n<p>Cuestionada respecto de qu\u00e9 est\u00e1n haciendo sus sindicatos, lament\u00f3 que estos no est\u00e9n respald\u00e1ndolos.<\/p>\n\n\n\n<p>&#8220;Nada, no nos han dicho nada, estamos solos&#8230; las demandas ya est\u00e1n interpuestas, por ejemplo al compa\u00f1ero lo cesaron por Covid, \u00e9l no es de Protecci\u00f3n contra Riesgos Sanitarios, pero es del \u00e1rea de Transportes, varios ya las han interpuesto&#8221;, acus\u00f3.<\/p>\n\n\n\n<p>Los inconformes dijeron que su protesta es para exigir di\u00e1logo con el gobernador Cuitl\u00e1huac Garc\u00eda Jim\u00e9nez, de lo contrario no se van a retirar.<\/p>\n\n\n\n<p>&#8220;No nos vamos a mover, pues mire ya en el jur\u00eddico no podemos confiar, a ver qui\u00e9n nos atiende, ya vimos que el del jur\u00eddico no tiene palabra, algo tienen que hacer porque es la Secretar\u00eda de Salud, no puede estar cerrada&#8221;, expres\u00f3.<\/p>\n\n\n\n<p>Finalmente, reconoci\u00f3 que los trabajadores tienen que hacer sus labores, pero consider\u00f3 que tambi\u00e9n deben entenderlos porque ellos tienen derecho a protestar por haber sido despedido de manera injustificada.<\/p>\n\n\n\n<figure class=\"wp-block-image size-large\"><img loading=\"lazy\" decoding=\"async\" width=\"1024\" height=\"576\" src=\"https:\/\/encuentroinformativo.com.mx\/wp-content\/uploads\/2023\/01\/IMG-20230116-WA0015-1024x576.jpg\" alt=\"\" class=\"wp-image-35505\" srcset=\"https:\/\/encuentroinformativo.com.mx\/wp-content\/uploads\/2023\/01\/IMG-20230116-WA0015-1024x576.jpg 1024w, https:\/\/encuentroinformativo.com.mx\/wp-content\/uploads\/2023\/01\/IMG-20230116-WA0015-300x169.jpg 300w, https:\/\/encuentroinformativo.com.mx\/wp-content\/uploads\/2023\/01\/IMG-20230116-WA0015-768x432.jpg 768w, https:\/\/encuentroinformativo.com.mx\/wp-content\/uploads\/2023\/01\/IMG-20230116-WA0015.jpg 1280w\" sizes=\"auto, (max-width: 1024px) 100vw, 1024px\" \/><\/figure>\n\n\n\n<figure class=\"wp-block-image size-large\"><img loading=\"lazy\" decoding=\"async\" width=\"1024\" height=\"576\" src=\"https:\/\/encuentroinformativo.com.mx\/wp-content\/uploads\/2023\/01\/IMG-20230116-WA0018-1024x576.jpg\" alt=\"\" class=\"wp-image-35506\" srcset=\"https:\/\/encuentroinformativo.com.mx\/wp-content\/uploads\/2023\/01\/IMG-20230116-WA0018-1024x576.jpg 1024w, https:\/\/encuentroinformativo.com.mx\/wp-content\/uploads\/2023\/01\/IMG-20230116-WA0018-300x169.jpg 300w, https:\/\/encuentroinformativo.com.mx\/wp-content\/uploads\/2023\/01\/IMG-20230116-WA0018-768x432.jpg 768w, https:\/\/encuentroinformativo.com.mx\/wp-content\/uploads\/2023\/01\/IMG-20230116-WA0018.jpg 1280w\" sizes=\"auto, (max-width: 1024px) 100vw, 1024px\" \/><\/figure>\n","protected":false},"excerpt":{"rendered":"<p>Dar\u00edo Pale Xalapa, Ver.- De nueva cuenta toman las oficinas centrales de Secretar\u00eda de Salud (SS), los trabajadores por despidos injustificados, exigen di\u00e1logo con el Gobernador o no se van a retirar, as\u00ed lo dio a conocer Norma Myriam Casas Fern\u00e1ndez trabajadores de dicha dependencia. Entrevista durante la manifestaci\u00f3n dio a conocer que los trabajadores [&hellip;]<\/p>\n","protected":false},"author":2476,"featured_media":35504,"comment_status":"open","ping_status":"open","sticky":false,"template":"","format":"standard","meta":{"_jetpack_memberships_contains_paid_content":false,"footnotes":""},"categories":[9],"tags":[],"class_list":["post-35503","post","type-post","status-publish","format-standard","has-post-thumbnail","hentry","category-salud"],"jetpack_featured_media_url":"https:\/\/encuentroinformativo.com.mx\/wp-content\/uploads\/2023\/01\/IMG-20230116-WA0019.jpg","jetpack_sharing_enabled":true,"jetpack_likes_enabled":true,"amp_enabled":true,"_links":{"self":[{"href":"https:\/\/encuentroinformativo.com.mx\/index.php?rest_route=\/wp\/v2\/posts\/35503","targetHints":{"allow":["GET"]}}],"collection":[{"href":"https:\/\/encuentroinformativo.com.mx\/index.php?rest_route=\/wp\/v2\/posts"}],"about":[{"href":"https:\/\/encuentroinformativo.com.mx\/index.php?rest_route=\/wp\/v2\/types\/post"}],"author":[{"embeddable":true,"href":"https:\/\/encuentroinformativo.com.mx\/index.php?rest_route=\/wp\/v2\/users\/2476"}],"replies":[{"embeddable":true,"href":"https:\/\/encuentroinformativo.com.mx\/index.php?rest_route=%2Fwp%2Fv2%2Fcomments&post=35503"}],"version-history":[{"count":1,"href":"https:\/\/encuentroinformativo.com.mx\/index.php?rest_route=\/wp\/v2\/posts\/35503\/revisions"}],"predecessor-version":[{"id":35507,"href":"https:\/\/encuentroinformativo.com.mx\/index.php?rest_route=\/wp\/v2\/posts\/35503\/revisions\/35507"}],"wp:featuredmedia":[{"embeddable":true,"href":"https:\/\/encuentroinformativo.com.mx\/index.php?rest_route=\/wp\/v2\/media\/35504"}],"wp:attachment":[{"href":"https:\/\/encuentroinformativo.com.mx\/index.php?rest_route=%2Fwp%2Fv2%2Fmedia&parent=35503"}],"wp:term":[{"taxonomy":"category","embeddable":true,"href":"https:\/\/encuentroinformativo.com.mx\/index.php?rest_route=%2Fwp%2Fv2%2Fcategories&post=35503"},{"taxonomy":"post_tag","embeddable":true,"href":"https:\/\/encuentroinformativo.com.mx\/index.php?rest_route=%2Fwp%2Fv2%2Ftags&post=35503"}],"curies":[{"name":"wp","href":"https:\/\/api.w.org\/{rel}","templated":true}]}}