{"id":35521,"date":"2023-01-16T11:35:23","date_gmt":"2023-01-16T17:35:23","guid":{"rendered":"https:\/\/encuentroinformativo.com.mx\/?p=35521"},"modified":"2023-01-16T11:35:27","modified_gmt":"2023-01-16T17:35:27","slug":"por-robos-a-plantel-escolar-docentes-amagan-con-movilizaciones","status":"publish","type":"post","link":"https:\/\/encuentroinformativo.com.mx\/?p=35521","title":{"rendered":"Por robos a plantel escolar, docentes amagan con movilizaciones"},"content":{"rendered":"\n<p><strong>Israel Garc\u00eda<\/strong><\/p>\n\n\n\n<p>Xalapa, Ver.- Docentes y alumnos de la telesecundaria Jos\u00e9 Mar\u00eda Luis Mora de la colonia Miguel Alem\u00e1n de la ciudad de Xalapa, en conferencia de prensa acusaron los diversos robos de los cuales ha sido v\u00edctima el plantel escolar.<\/p>\n\n\n\n<p>Y debido a la falta de avances en las investigaciones y denuncias que han realizado, amagaron con efectuar movilizaciones para ma\u00f1ana martes.<\/p>\n\n\n\n<p>Los afectados acusaron de manera directa al se\u00f1or Juan Lara como el presunto responsable de los hurtos y destrozos que se han suscitado en el plantel escolar.<\/p>\n\n\n\n<p>\u201cEl d\u00eda de ayer domingo 15 de enero volvi\u00f3 hacer destrozos en el plantel educativo\u2026 pedimos que el secretario de educaci\u00f3n, ponga cartas en el asunto\u201d.<\/p>\n\n\n\n<p>Para concluir informaron que el d\u00eda de ma\u00f1ana martes 17 de enero, partir de las 10:00 am, del presente a\u00f1o, maestros y alumnos de la telesecundaria Jos\u00e9 Mar\u00eda Luis Mora, se manifestar\u00e1n en la instalaciones de la Secretar\u00eda de Educaci\u00f3n de Veracruz (SEV) y en la Fiscal\u00eda General del Estado (FGE), inform\u00f3 la directora Adriana M\u00e9ndez V\u00e1zquez.<\/p>\n","protected":false},"excerpt":{"rendered":"<p>Israel Garc\u00eda Xalapa, Ver.- Docentes y alumnos de la telesecundaria Jos\u00e9 Mar\u00eda Luis Mora de la colonia Miguel Alem\u00e1n de la ciudad de Xalapa, en conferencia de prensa acusaron los diversos robos de los cuales ha sido v\u00edctima el plantel escolar. Y debido a la falta de avances en las investigaciones y denuncias que han [&hellip;]<\/p>\n","protected":false},"author":2476,"featured_media":35522,"comment_status":"open","ping_status":"open","sticky":false,"template":"","format":"standard","meta":{"_jetpack_memberships_contains_paid_content":false,"footnotes":""},"categories":[2,19,3],"tags":[],"class_list":["post-35521","post","type-post","status-publish","format-standard","has-post-thumbnail","hentry","category-estado","category-fashion","category-xalapa"],"jetpack_featured_media_url":"https:\/\/encuentroinformativo.com.mx\/wp-content\/uploads\/2023\/01\/IMG-20230116-WA00592.jpg","jetpack_sharing_enabled":true,"jetpack_likes_enabled":true,"amp_enabled":true,"_links":{"self":[{"href":"https:\/\/encuentroinformativo.com.mx\/index.php?rest_route=\/wp\/v2\/posts\/35521","targetHints":{"allow":["GET"]}}],"collection":[{"href":"https:\/\/encuentroinformativo.com.mx\/index.php?rest_route=\/wp\/v2\/posts"}],"about":[{"href":"https:\/\/encuentroinformativo.com.mx\/index.php?rest_route=\/wp\/v2\/types\/post"}],"author":[{"embeddable":true,"href":"https:\/\/encuentroinformativo.com.mx\/index.php?rest_route=\/wp\/v2\/users\/2476"}],"replies":[{"embeddable":true,"href":"https:\/\/encuentroinformativo.com.mx\/index.php?rest_route=%2Fwp%2Fv2%2Fcomments&post=35521"}],"version-history":[{"count":1,"href":"https:\/\/encuentroinformativo.com.mx\/index.php?rest_route=\/wp\/v2\/posts\/35521\/revisions"}],"predecessor-version":[{"id":35523,"href":"https:\/\/encuentroinformativo.com.mx\/index.php?rest_route=\/wp\/v2\/posts\/35521\/revisions\/35523"}],"wp:featuredmedia":[{"embeddable":true,"href":"https:\/\/encuentroinformativo.com.mx\/index.php?rest_route=\/wp\/v2\/media\/35522"}],"wp:attachment":[{"href":"https:\/\/encuentroinformativo.com.mx\/index.php?rest_route=%2Fwp%2Fv2%2Fmedia&parent=35521"}],"wp:term":[{"taxonomy":"category","embeddable":true,"href":"https:\/\/encuentroinformativo.com.mx\/index.php?rest_route=%2Fwp%2Fv2%2Fcategories&post=35521"},{"taxonomy":"post_tag","embeddable":true,"href":"https:\/\/encuentroinformativo.com.mx\/index.php?rest_route=%2Fwp%2Fv2%2Ftags&post=35521"}],"curies":[{"name":"wp","href":"https:\/\/api.w.org\/{rel}","templated":true}]}}