{"id":35527,"date":"2023-01-16T12:35:32","date_gmt":"2023-01-16T18:35:32","guid":{"rendered":"https:\/\/encuentroinformativo.com.mx\/?p=35527"},"modified":"2023-01-16T12:35:36","modified_gmt":"2023-01-16T18:35:36","slug":"logran-frenar-trabajos-de-mineria-en-actopan-y-alto-lucero","status":"publish","type":"post","link":"https:\/\/encuentroinformativo.com.mx\/?p=35527","title":{"rendered":"Logran frenar trabajos de miner\u00eda en Actopan y Alto Lucero"},"content":{"rendered":"\n<p><strong>Juan Arcos <\/strong><\/p>\n\n\n\n<p>Xalapa, Ver.- Pobladores de Actopan y Alto Lucero lograron la suspensi\u00f3n definitiva de todo el distrito minero, que comprende 24 concesiones ubicadas en dichos municipios de la zona costera central del estado de Veracruz.<\/p>\n\n\n\n<p>El Centro Mexicano de Derecho Ambiental (CEMDA) dio a conocer lo anterior y record\u00f3 que el pasado 22 de septiembre, un juez federal otorg\u00f3 la suspensi\u00f3n definitiva a cuatro de dichas concesiones mineras concedidas por la Secretar\u00eda de Econom\u00eda.<\/p>\n\n\n\n<p>Posteriormente, el 28 de diciembre, el Juzgado Primero de Distrito en el estado de Veracruz otorg\u00f3 la suspensi\u00f3n definitiva a las otras 20 concesiones.<\/p>\n\n\n\n<p>La medida implica que no se podr\u00e1 ejecutar ninguna de las 24 concesiones mineras, es decir, que durante el tr\u00e1mite del juicio las autoridades no podr\u00e1n expedir autorizaci\u00f3n alguna y que las empresas deber\u00e1n abstenerse de realizar cualquier actividad tendiente al proyecto minero.<\/p>\n\n\n\n<p>Lo anterior, es en respuesta al amparo interpuesto el 25 de agosto del 2022 por habitantes de los municipios de Actopan y Alto Lucero, quienes argumentaron que, en el proceso de expedici\u00f3n de los t\u00edtulos de concesi\u00f3n minera, la autoridad incurri\u00f3 en la omisi\u00f3n de garantizar sus derechos humanos a la vida digna en su dimensi\u00f3n colectiva, a un medio ambiente sano, al agua y a la participaci\u00f3n en la toma de decisiones ambientales.<\/p>\n\n\n\n<p>\u201cEs posible advertir que, al margen del inter\u00e9s particular que pudiera existir para el aprovechamiento de la concesi\u00f3n minera, lo cierto es que el derecho a la salud y protecci\u00f3n de la vida del que gozan los seres humanos prevalece como derecho preponderante, reconocido en el art\u00edculo 4\u00b0 constitucional y en el art\u00edculo 25.1 de la Declaraci\u00f3n Universal de los Derechos Humanos\u201d, se lee en la resoluci\u00f3n judicial.<\/p>\n\n\n\n<p>En el documento se considera la dimensi\u00f3n colectiva de la protecci\u00f3n del derecho a un medio ambiente sano al se\u00f1alar que \u00e9sta resulta indispensable para el ejercicio de los dem\u00e1s derechos fundamentales de los quejosos y del resto de la poblaci\u00f3n.<\/p>\n\n\n\n<p>\u201cLa continuaci\u00f3n de operaciones de actividad minera en la zona de Actopan, Veracruz, reclamada podr\u00eda vulnerar en perjuicio de los peticionarios de amparo, su derecho a la salud y a un medio ambiente sano\u201d.<\/p>\n\n\n\n<p>El CEMDA enfatiz\u00f3 que las comunidades que habitan en esta regi\u00f3n de Veracruz basan sus proyectos de vida y su econom\u00eda en el manejo de m\u00faltiples ecosistemas y en los beneficios socioambientales que \u00e9stos proporcionan, por lo que la actividad minera supone graves afectaciones para su modo de vida, as\u00ed como para el patrimonio natural de la regi\u00f3n.<\/p>\n\n\n\n<p>\u201cLa miner\u00eda tambi\u00e9n es una amenaza al derecho al agua, ya que debido a la explotaci\u00f3n de los recursos h\u00eddricos que requiere, deja a las comunidades en una situaci\u00f3n de extrema vulnerabilidad ante la crisis h\u00eddrica y clim\u00e1tica existente\u201d, sostuvo.<\/p>\n\n\n\n<p>El Centro Mexicano de Defensa Ambiental tambi\u00e9n refiri\u00f3 que el distrito minero presenta un riesgo no solamente para las comunidades, sino tambi\u00e9n, para la poblaci\u00f3n adyacente debido a la cercan\u00eda con la Central Nucleoel\u00e9ctrica Laguna Verde, el paso de l\u00edneas el\u00e9ctricas de alta tensi\u00f3n, los ductos que transportan hidrocarburos y los eventos meteorol\u00f3gicos t\u00edpicos de las zonas costeras.<\/p>\n\n\n\n<p>\u201cLas comunidades y organizaciones que estamos en este proceso esperamos un proceso largo, por lo cual, pedimos a las autoridades judiciales se apeguen al marco jur\u00eddico y en especial al Acuerdo de Escaz\u00fa para cuidar y garantizarnos el acceso a la justicia ambiental. Los proyectos\u00a0\u00a0de vida de las comunidades, familias y personas que habitan estas zonas son prioritarios ante otro tipo de intereses, por lo que es imprescindible procurar que puedan prevalecer y florecer, y que se conserven los ecosistemas que los sostienen\u201d, refiri\u00f3 el CEMDA.<\/p>\n\n\n\n<p>Grupos ambientalistas han realizado una serie de protestas en la entidad para defender el territorio de los proyectos de miner\u00eda a cielo abierto.<\/p>\n","protected":false},"excerpt":{"rendered":"<p>Juan Arcos Xalapa, Ver.- Pobladores de Actopan y Alto Lucero lograron la suspensi\u00f3n definitiva de todo el distrito minero, que comprende 24 concesiones ubicadas en dichos municipios de la zona costera central del estado de Veracruz. El Centro Mexicano de Derecho Ambiental (CEMDA) dio a conocer lo anterior y record\u00f3 que el pasado 22 de [&hellip;]<\/p>\n","protected":false},"author":2476,"featured_media":35528,"comment_status":"open","ping_status":"open","sticky":false,"template":"","format":"standard","meta":{"_jetpack_memberships_contains_paid_content":false,"footnotes":""},"categories":[8],"tags":[],"class_list":["post-35527","post","type-post","status-publish","format-standard","has-post-thumbnail","hentry","category-region"],"jetpack_featured_media_url":"https:\/\/encuentroinformativo.com.mx\/wp-content\/uploads\/2023\/01\/IMG_20512.jpg","jetpack_sharing_enabled":true,"jetpack_likes_enabled":true,"amp_enabled":true,"_links":{"self":[{"href":"https:\/\/encuentroinformativo.com.mx\/index.php?rest_route=\/wp\/v2\/posts\/35527","targetHints":{"allow":["GET"]}}],"collection":[{"href":"https:\/\/encuentroinformativo.com.mx\/index.php?rest_route=\/wp\/v2\/posts"}],"about":[{"href":"https:\/\/encuentroinformativo.com.mx\/index.php?rest_route=\/wp\/v2\/types\/post"}],"author":[{"embeddable":true,"href":"https:\/\/encuentroinformativo.com.mx\/index.php?rest_route=\/wp\/v2\/users\/2476"}],"replies":[{"embeddable":true,"href":"https:\/\/encuentroinformativo.com.mx\/index.php?rest_route=%2Fwp%2Fv2%2Fcomments&post=35527"}],"version-history":[{"count":1,"href":"https:\/\/encuentroinformativo.com.mx\/index.php?rest_route=\/wp\/v2\/posts\/35527\/revisions"}],"predecessor-version":[{"id":35529,"href":"https:\/\/encuentroinformativo.com.mx\/index.php?rest_route=\/wp\/v2\/posts\/35527\/revisions\/35529"}],"wp:featuredmedia":[{"embeddable":true,"href":"https:\/\/encuentroinformativo.com.mx\/index.php?rest_route=\/wp\/v2\/media\/35528"}],"wp:attachment":[{"href":"https:\/\/encuentroinformativo.com.mx\/index.php?rest_route=%2Fwp%2Fv2%2Fmedia&parent=35527"}],"wp:term":[{"taxonomy":"category","embeddable":true,"href":"https:\/\/encuentroinformativo.com.mx\/index.php?rest_route=%2Fwp%2Fv2%2Fcategories&post=35527"},{"taxonomy":"post_tag","embeddable":true,"href":"https:\/\/encuentroinformativo.com.mx\/index.php?rest_route=%2Fwp%2Fv2%2Ftags&post=35527"}],"curies":[{"name":"wp","href":"https:\/\/api.w.org\/{rel}","templated":true}]}}