{"id":3553,"date":"2020-06-23T12:25:38","date_gmt":"2020-06-23T17:25:38","guid":{"rendered":"https:\/\/encuentroinformativo.com\/?p=3553"},"modified":"2020-06-23T12:25:40","modified_gmt":"2020-06-23T17:25:40","slug":"aumenta-violencia-intrafamiliar-y-se-visibiliza-en-tiempos-de-confinamiento","status":"publish","type":"post","link":"https:\/\/encuentroinformativo.com.mx\/?p=3553","title":{"rendered":"Aumenta violencia intrafamiliar y se visibiliza en tiempos de confinamiento"},"content":{"rendered":"\n<p>Ciudad de M\u00e9xico.- La violencia intrafamiliar ha aumentado y se ha visibilizado durante el confinamiento; aunque el maltrato al interior de los hogares es un problema que ha acompa\u00f1ado a las sociedades humanas a lo largo del tiempo, la prolongada convivencia en casa limita la libertad, la privacidad y propicia el ejercicio del poder, coincidieron expertos reunidos de manera virtual en la UNAM.<\/p>\n\n\n\n<p>Es uno de los temas m\u00e1s dolorosos que la COVID-19 ha visibilizado, pues en la medida que la enfermedad del coronavirus crece, tambi\u00e9n lo hace la violencia en los hogares, afirm\u00f3 Guadalupe Valencia Garc\u00eda, coordinadora de Humanidades, al inaugurar el ciclo de conferencias \u201cViolencia intrafamiliar en el marco de COVID-19\u201d, organizado por el Programa Universitario de Estudios de la Diversidad Cultural y la Interculturalidad (PUIC).<\/p>\n\n\n\n<p>No s\u00f3lo se debe registrar este fen\u00f3meno, es necesario entenderlo y hacer justicia. No podremos atacarlo s\u00f3lo por la v\u00eda legal, requiere de diversas vertientes pedag\u00f3gicas, apunt\u00f3.\u00a0<\/p>\n\n\n\n<p>Al respecto, Jos\u00e9 del Val, titular del PUIC, expuso que debido a la crisis sanitaria la violencia intrafamiliar se visibiliza de manera m\u00e1s enf\u00e1tica, y en algunos casos se potencia, por lo que se hace necesario generar espacios para analizar y debatir el tema con especialistas.<\/p>\n\n\n\n<p>Debe haber una ruptura con el patriarcalismo, una de las estructuras m\u00e1s da\u00f1inas y persistentes de la cultura occidental, acentu\u00f3 el etn\u00f3logo.<\/p>\n\n\n\n<p>Carolina S\u00e1nchez, secretaria acad\u00e9mica del PUIC, inform\u00f3 que este ciclo inicia los espacios de reflexi\u00f3n y discusi\u00f3n sobre la violencia intrafamiliar, para contar con conocimientos \u00fatiles que aporten a la toma de decisiones frente a esta situaci\u00f3n.<\/p>\n\n\n\n<p><strong>Grupos vulnerables<\/strong><\/p>\n\n\n\n<p>Los grupos m\u00e1s vulnerables ante la violencia intrafamiliar son los ni\u00f1os, los adultos mayores, las mujeres y la comunidad LGBT, subray\u00f3 la antrop\u00f3loga Florence Rosemberg, de la Escuela Nacional de Antropolog\u00eda e Historia (ENAH).\u00a0<\/p>\n\n\n\n<p>En la ponencia inaugural, se\u00f1al\u00f3 que el modelo de familia en M\u00e9xico no es lineal ni mec\u00e1nico, y est\u00e1 mediado por conflictos, enfermedades, circunstancias extr\u00ednsecas, o la combinaci\u00f3n de algunas de ellas.<\/p>\n\n\n\n<p>Asimismo, en la violencia intrafamiliar se combinan el sexo-g\u00e9nero, la edad y la condici\u00f3n sociocultural. \u201cEn el espacio dom\u00e9stico se afecta m\u00e1s a los ni\u00f1os y a los adultos mayores, mientras que las violencias m\u00e1s graves son hacia grupos considerados socialmente invisibles, como los homosexuales, los discapacitados, los enfermos y los adictos\u201d, remarc\u00f3.<\/p>\n\n\n\n<p>\u201cUna complicaci\u00f3n para estudiar a estos grupos se da porque en M\u00e9xico la familia es un coto cerrado, donde los lazos afectivos permiten el abuso de un individuo sobre otro\u201d, acus\u00f3.<\/p>\n\n\n\n<p>En su oportunidad, la jurista Rosa Mar\u00eda \u00c1lvarez Gonz\u00e1lez, del Instituto de Investigaciones Jur\u00eddicas (IIJ), record\u00f3 que durante a\u00f1os la violencia intrafamiliar fue considerada por el Estado como un asunto privado.<\/p>\n\n\n\n<p>Fue hasta julio de 1996 cuando se cre\u00f3 en M\u00e9xico el primer antecedente legal para abordar este tema: la Ley de Asistencia y Prevenci\u00f3n de la Violencia Familiar, puesta en marcha por el gobierno del entonces Distrito Federal. \u201cEsta Ley fue pionera en atender la violencia intrafamiliar, la cual siempre ha estado presente, incluso de manera normalizada\u201d, record\u00f3.<\/p>\n\n\n\n<p>Por \u00faltimo, la jurista resalt\u00f3 que con el confinamiento por la COVID-19 los viejos problemas se afianzan y las relaciones individuales se tensan. \u201cY el fracaso de la familia es el \u00e1mbito m\u00e1s propicio para gestar relaciones violentas en el futuro\u201d.<\/p>\n\n\n\n<p><\/p>\n\n\n\n<p><\/p>\n","protected":false},"excerpt":{"rendered":"<p>Ciudad de M\u00e9xico.- La violencia intrafamiliar ha aumentado y se ha visibilizado durante el confinamiento; aunque el maltrato al interior de los hogares es un problema que ha acompa\u00f1ado a las sociedades humanas a lo largo del tiempo, la prolongada convivencia en casa limita la libertad, la privacidad y propicia el ejercicio del poder, coincidieron [&hellip;]<\/p>\n","protected":false},"author":1,"featured_media":2132,"comment_status":"open","ping_status":"open","sticky":false,"template":"","format":"standard","meta":{"_jetpack_memberships_contains_paid_content":false,"footnotes":""},"categories":[12],"tags":[],"class_list":["post-3553","post","type-post","status-publish","format-standard","has-post-thumbnail","hentry","category-nacional"],"jetpack_featured_media_url":"https:\/\/encuentroinformativo.com.mx\/wp-content\/uploads\/2020\/04\/FC13DEC8-7729-44AB-882B-8F7B5C9113DB.jpeg","jetpack_sharing_enabled":true,"jetpack_likes_enabled":true,"amp_enabled":true,"_links":{"self":[{"href":"https:\/\/encuentroinformativo.com.mx\/index.php?rest_route=\/wp\/v2\/posts\/3553","targetHints":{"allow":["GET"]}}],"collection":[{"href":"https:\/\/encuentroinformativo.com.mx\/index.php?rest_route=\/wp\/v2\/posts"}],"about":[{"href":"https:\/\/encuentroinformativo.com.mx\/index.php?rest_route=\/wp\/v2\/types\/post"}],"author":[{"embeddable":true,"href":"https:\/\/encuentroinformativo.com.mx\/index.php?rest_route=\/wp\/v2\/users\/1"}],"replies":[{"embeddable":true,"href":"https:\/\/encuentroinformativo.com.mx\/index.php?rest_route=%2Fwp%2Fv2%2Fcomments&post=3553"}],"version-history":[{"count":1,"href":"https:\/\/encuentroinformativo.com.mx\/index.php?rest_route=\/wp\/v2\/posts\/3553\/revisions"}],"predecessor-version":[{"id":3554,"href":"https:\/\/encuentroinformativo.com.mx\/index.php?rest_route=\/wp\/v2\/posts\/3553\/revisions\/3554"}],"wp:featuredmedia":[{"embeddable":true,"href":"https:\/\/encuentroinformativo.com.mx\/index.php?rest_route=\/wp\/v2\/media\/2132"}],"wp:attachment":[{"href":"https:\/\/encuentroinformativo.com.mx\/index.php?rest_route=%2Fwp%2Fv2%2Fmedia&parent=3553"}],"wp:term":[{"taxonomy":"category","embeddable":true,"href":"https:\/\/encuentroinformativo.com.mx\/index.php?rest_route=%2Fwp%2Fv2%2Fcategories&post=3553"},{"taxonomy":"post_tag","embeddable":true,"href":"https:\/\/encuentroinformativo.com.mx\/index.php?rest_route=%2Fwp%2Fv2%2Ftags&post=3553"}],"curies":[{"name":"wp","href":"https:\/\/api.w.org\/{rel}","templated":true}]}}