{"id":35530,"date":"2023-01-16T13:14:05","date_gmt":"2023-01-16T19:14:05","guid":{"rendered":"https:\/\/encuentroinformativo.com.mx\/?p=35530"},"modified":"2023-01-16T13:14:09","modified_gmt":"2023-01-16T19:14:09","slug":"niega-ayuntamiento-porteno-operativos-por-ley-antitabaco","status":"publish","type":"post","link":"https:\/\/encuentroinformativo.com.mx\/?p=35530","title":{"rendered":"Niega Ayuntamiento porte\u00f1o Operativos por Ley Antitabaco"},"content":{"rendered":"\n<p><strong>Alejandro \u00c1vila<\/strong><\/p>\n\n\n\n<p>Veracruz, Ver.- El Ayuntamiento de Veracruz neg\u00f3 que realizar\u00e1n operativos en zonas p\u00fablicas para detectar a personas que infrinjan la nueva ley antitabaco.<\/p>\n\n\n\n<p>La alcaldesa de Veracruz, Patricia Lobeira Rodr\u00edguez aclar\u00f3 que toda supervisi\u00f3n corresponde a las autoridades estatales, aunque reconoci\u00f3 coadyuvar\u00e1n con la Jurisdicci\u00f3n Sanitaria en todo lo que se necesite.<\/p>\n\n\n\n<p>&#8220;No, nosotros no tenemos la facultad ni para sancionar ni para multar, nosotros lo \u00fanico que tendr\u00edamos que hacer es supervisar estas \u00e1reas, vamos a estar supervisando y coadyuvando con las \u00e1reas correspondientes, qu\u00e9 son las estatales, que tendr\u00edan ya que establecer las multas o las sanciones que puedan establecer&#8221;, puntualiz\u00f3.<\/p>\n\n\n\n<p>La edil panista record\u00f3 qu\u00e9 la nueva Ley Antitabaco proh\u00edbe fumar terrazas p\u00fablicas muy concurridas, en las playas cuando hay ni\u00f1os, en restaurantes y unidades deportivas.<\/p>\n\n\n\n<p>&#8220;De parte del Ayuntamiento no va a haber un operativo como tal, y adem\u00e1s nosotros no podemos ni multar ni sancionar, sino simplemente coadyuvar con las autoridades estatales correspondientes, para informarles que en alg\u00fan espacio se est\u00e1 rompiendo la norma&#8221;, remat\u00f3.<\/p>\n","protected":false},"excerpt":{"rendered":"<p>Alejandro \u00c1vila Veracruz, Ver.- El Ayuntamiento de Veracruz neg\u00f3 que realizar\u00e1n operativos en zonas p\u00fablicas para detectar a personas que infrinjan la nueva ley antitabaco. La alcaldesa de Veracruz, Patricia Lobeira Rodr\u00edguez aclar\u00f3 que toda supervisi\u00f3n corresponde a las autoridades estatales, aunque reconoci\u00f3 coadyuvar\u00e1n con la Jurisdicci\u00f3n Sanitaria en todo lo que se necesite. &#8220;No, [&hellip;]<\/p>\n","protected":false},"author":2476,"featured_media":35531,"comment_status":"open","ping_status":"open","sticky":false,"template":"","format":"standard","meta":{"_jetpack_memberships_contains_paid_content":false,"footnotes":""},"categories":[2],"tags":[],"class_list":["post-35530","post","type-post","status-publish","format-standard","has-post-thumbnail","hentry","category-estado"],"jetpack_featured_media_url":"https:\/\/encuentroinformativo.com.mx\/wp-content\/uploads\/2023\/01\/IMG-20230116-WA00982.jpg","jetpack_sharing_enabled":true,"jetpack_likes_enabled":true,"amp_enabled":true,"_links":{"self":[{"href":"https:\/\/encuentroinformativo.com.mx\/index.php?rest_route=\/wp\/v2\/posts\/35530","targetHints":{"allow":["GET"]}}],"collection":[{"href":"https:\/\/encuentroinformativo.com.mx\/index.php?rest_route=\/wp\/v2\/posts"}],"about":[{"href":"https:\/\/encuentroinformativo.com.mx\/index.php?rest_route=\/wp\/v2\/types\/post"}],"author":[{"embeddable":true,"href":"https:\/\/encuentroinformativo.com.mx\/index.php?rest_route=\/wp\/v2\/users\/2476"}],"replies":[{"embeddable":true,"href":"https:\/\/encuentroinformativo.com.mx\/index.php?rest_route=%2Fwp%2Fv2%2Fcomments&post=35530"}],"version-history":[{"count":1,"href":"https:\/\/encuentroinformativo.com.mx\/index.php?rest_route=\/wp\/v2\/posts\/35530\/revisions"}],"predecessor-version":[{"id":35532,"href":"https:\/\/encuentroinformativo.com.mx\/index.php?rest_route=\/wp\/v2\/posts\/35530\/revisions\/35532"}],"wp:featuredmedia":[{"embeddable":true,"href":"https:\/\/encuentroinformativo.com.mx\/index.php?rest_route=\/wp\/v2\/media\/35531"}],"wp:attachment":[{"href":"https:\/\/encuentroinformativo.com.mx\/index.php?rest_route=%2Fwp%2Fv2%2Fmedia&parent=35530"}],"wp:term":[{"taxonomy":"category","embeddable":true,"href":"https:\/\/encuentroinformativo.com.mx\/index.php?rest_route=%2Fwp%2Fv2%2Fcategories&post=35530"},{"taxonomy":"post_tag","embeddable":true,"href":"https:\/\/encuentroinformativo.com.mx\/index.php?rest_route=%2Fwp%2Fv2%2Ftags&post=35530"}],"curies":[{"name":"wp","href":"https:\/\/api.w.org\/{rel}","templated":true}]}}