{"id":35536,"date":"2023-01-16T13:36:03","date_gmt":"2023-01-16T19:36:03","guid":{"rendered":"https:\/\/encuentroinformativo.com.mx\/?p=35536"},"modified":"2023-01-16T13:36:07","modified_gmt":"2023-01-16T19:36:07","slug":"acusa-manuel-huerta-a-funcionarios-estatales-de-acarreo","status":"publish","type":"post","link":"https:\/\/encuentroinformativo.com.mx\/?p=35536","title":{"rendered":"Acusa Manuel Huerta a funcionarios estatales de &#8220;acarreo&#8221;"},"content":{"rendered":"\n<p><strong>Dar\u00edo Pale <\/strong><\/p>\n\n\n\n<p>Xalapa, Ver.- El delegado de los programas federales del Bienestar Manuel Huerta Ladr\u00f3n de Guevara dio a conocer que los funcionarios de \u00a0estatales incurrieron en acarreo para el \u00a0evento de Ad\u00e1n Augusto.<\/p>\n\n\n\n<p>En conferencia de prensa se\u00f1al\u00f3 que las actividades como la &#8220;cargada&#8221;, &#8220;el acarreo&#8221;, &#8220;el aplaus\u00f3metro&#8221; o hasta el uso de la camisa blanca en eventos como el del secretario de Gobernaci\u00f3n, Ad\u00e1n Augusto L\u00f3pez Hern\u00e1ndez, ya no sirven, pero algunos no entienden que est\u00e1n equivocados al hacerlo.<\/p>\n\n\n\n<p>Admiti\u00f3 que en Morena algunos siguen incurriendo en ese tipo de pr\u00e1cticas como las que se vieron en el pasado evento en el <em>World Trade Center,<\/em> a donde acudi\u00f3 el funcionario a hablar sobre la reforma electoral y en donde se abarrot\u00f3, incluso dieron portazos para poder pasar, no obstante clar\u00f3 que no se va a sumar a ning\u00fan aspirante, \u00e9l es un pensador libre.<\/p>\n\n\n\n<p>&#8220;Las transformaciones no son por decreto ni inmediatas, son culturales y los que muchos no comprenden, de todos los partidos, incluyendo a los que dirig\u00ed en alg\u00fan momento; es que esto ya es distinto&#8221;, se\u00f1al\u00f3.<\/p>\n\n\n\n<p>Consider\u00f3 que ya hay un neomorenismo y existe un esfuerzo de formaci\u00f3n pol\u00edtica, pero justific\u00f3 que L\u00f3pez Hern\u00e1ndez vino a un acto del gobierno de Veracruz, por lo tanto quien lo organiz\u00f3 fue la administraci\u00f3n estatal.<\/p>\n\n\n\n<p>&#8220;Creo que los que van ah\u00ed, los que se visten de blanco, el acarreo, esas pr\u00e1cticas, incluyendo los medios, los columnistas, es una pr\u00e1ctica del pasado&#8221;, coment\u00f3.<\/p>\n\n\n\n<p>Huerta Ladr\u00f3n de Guevara minimiz\u00f3 otra de esas pr\u00e1cticas como la realizaci\u00f3n de encuestas, donde ponen a algunos a la cabeza de la preferencia, cuando algunas encuestadoras se manejan a modo.<\/p>\n\n\n\n<p>Opin\u00f3 que quiz\u00e1 el secretario de Gobernaci\u00f3n, se ha de haber asombrado al ver a donde lo llevaron, porque seguramente hubiera querido estar m\u00e1s cerca de la gente, hubiera querido caminar.<\/p>\n\n\n\n<p>Por \u00faltimo descart\u00f3 que con ello se demuestre que Morena est\u00e1 dividido, porque el Movimiento es m\u00e1s all\u00e1 del partido, m\u00e1s all\u00e1 del Gobierno, de sus dirigentes.<\/p>\n","protected":false},"excerpt":{"rendered":"<p>Dar\u00edo Pale Xalapa, Ver.- El delegado de los programas federales del Bienestar Manuel Huerta Ladr\u00f3n de Guevara dio a conocer que los funcionarios de \u00a0estatales incurrieron en acarreo para el \u00a0evento de Ad\u00e1n Augusto. En conferencia de prensa se\u00f1al\u00f3 que las actividades como la &#8220;cargada&#8221;, &#8220;el acarreo&#8221;, &#8220;el aplaus\u00f3metro&#8221; o hasta el uso de la [&hellip;]<\/p>\n","protected":false},"author":2476,"featured_media":35537,"comment_status":"open","ping_status":"open","sticky":false,"template":"","format":"standard","meta":{"_jetpack_memberships_contains_paid_content":false,"footnotes":""},"categories":[2],"tags":[],"class_list":["post-35536","post","type-post","status-publish","format-standard","has-post-thumbnail","hentry","category-estado"],"jetpack_featured_media_url":"https:\/\/encuentroinformativo.com.mx\/wp-content\/uploads\/2023\/01\/FB_IMG_16738975196612.jpg","jetpack_sharing_enabled":true,"jetpack_likes_enabled":true,"amp_enabled":true,"_links":{"self":[{"href":"https:\/\/encuentroinformativo.com.mx\/index.php?rest_route=\/wp\/v2\/posts\/35536","targetHints":{"allow":["GET"]}}],"collection":[{"href":"https:\/\/encuentroinformativo.com.mx\/index.php?rest_route=\/wp\/v2\/posts"}],"about":[{"href":"https:\/\/encuentroinformativo.com.mx\/index.php?rest_route=\/wp\/v2\/types\/post"}],"author":[{"embeddable":true,"href":"https:\/\/encuentroinformativo.com.mx\/index.php?rest_route=\/wp\/v2\/users\/2476"}],"replies":[{"embeddable":true,"href":"https:\/\/encuentroinformativo.com.mx\/index.php?rest_route=%2Fwp%2Fv2%2Fcomments&post=35536"}],"version-history":[{"count":1,"href":"https:\/\/encuentroinformativo.com.mx\/index.php?rest_route=\/wp\/v2\/posts\/35536\/revisions"}],"predecessor-version":[{"id":35538,"href":"https:\/\/encuentroinformativo.com.mx\/index.php?rest_route=\/wp\/v2\/posts\/35536\/revisions\/35538"}],"wp:featuredmedia":[{"embeddable":true,"href":"https:\/\/encuentroinformativo.com.mx\/index.php?rest_route=\/wp\/v2\/media\/35537"}],"wp:attachment":[{"href":"https:\/\/encuentroinformativo.com.mx\/index.php?rest_route=%2Fwp%2Fv2%2Fmedia&parent=35536"}],"wp:term":[{"taxonomy":"category","embeddable":true,"href":"https:\/\/encuentroinformativo.com.mx\/index.php?rest_route=%2Fwp%2Fv2%2Fcategories&post=35536"},{"taxonomy":"post_tag","embeddable":true,"href":"https:\/\/encuentroinformativo.com.mx\/index.php?rest_route=%2Fwp%2Fv2%2Ftags&post=35536"}],"curies":[{"name":"wp","href":"https:\/\/api.w.org\/{rel}","templated":true}]}}