{"id":35539,"date":"2023-01-16T16:43:39","date_gmt":"2023-01-16T22:43:39","guid":{"rendered":"https:\/\/encuentroinformativo.com.mx\/?p=35539"},"modified":"2023-01-16T16:43:43","modified_gmt":"2023-01-16T22:43:43","slug":"no-cargamos-los-dados-con-aspirantes-gobernador","status":"publish","type":"post","link":"https:\/\/encuentroinformativo.com.mx\/?p=35539","title":{"rendered":"No cargamos los dados con aspirantes: Gobernador"},"content":{"rendered":"\n<p><strong>Dar\u00edo Pale <\/strong><\/p>\n\n\n\n<p>Xalapa, Ver &#8211; El gobernador del estado Cuitl\u00e1huac Garc\u00eda Jim\u00e9nez dio a conocer que \u00a0&#8220;no vamos a cargar los dados&#8221; a favor de ninguno de los aspirantes a la presidencia de la Rep\u00fablica y garantizar\u00e1 que haya piso parejo en Veracruz.<\/p>\n\n\n\n<p>En conferencia de prensa se\u00f1al\u00f3 que no habr\u00e1 dados cargados y s\u00ed piso parejo para todos los presidenciables, explic\u00f3 que ha asistido a todos los eventos de las llamadas <em>corcholatas<\/em>, cuidando la interpretaci\u00f3n de los actos pol\u00edticos<\/p>\n\n\n\n<p>&#8220;Mantenernos en la l\u00ednea institucional y procurar que exista, primero, piso parejo, no el uso de recursos p\u00fablicos en esas contiendas&#8221;, se\u00f1al\u00f3.<br>Dijo que su presencia ha sido p\u00fablica en los eventos que ha considerado que es necesaria su participaci\u00f3n y con todos los &#8220;personajes&#8221; para que el mensaje sea cierto y tener coherencia con sus declaraciones.<\/p>\n\n\n\n<p>&#8220;Por eso me he presentado en los eventos de Claudia Sheimbaum, tambi\u00e9n con el secretario de Gobernaci\u00f3n. Es una labor de un secretario de Gobernaci\u00f3n y acompa\u00f1arlo ah\u00ed, tengo que estar, pero cuidar la interpretaci\u00f3n de los actos pol\u00edticos que se dan&#8221;, coment\u00f3.<\/p>\n\n\n\n<p>&#8220;No vamos a cargar los dados, por eso tambi\u00e9n pues los que quisieron ir, sin problemas todos&#8221;, agreg\u00f3.<\/p>\n\n\n\n<p>Resalt\u00f3 lo anterior al hacer alusi\u00f3n a la reciente visita del secretario de Gobernaci\u00f3n, Ad\u00e1n Augusto L\u00f3pez Hern\u00e1ndez al puerto de Veracruz.<br>Justific\u00f3 lo sucedido luego de que mucha gente que no pod\u00eda entrar dio el portazo, lo cual fue criticado por actores pol\u00edticos como Manuel Huerta, quien critic\u00f3 que haya habido acarreo.<\/p>\n\n\n\n<p>&#8220;Si alguien de ah\u00ed decidi\u00f3 invitar a m\u00e1s gente, ya es de cada quien. Es que en estos actos por ser el Movimiento tan fuerte, pues hay efervescencia pol\u00edtica y muchos quieren escuchar a un presidenciable, a una mujer, sobre todo viniendo del partido que tiene las preferencias&#8221;, manifest\u00f3.<\/p>\n\n\n\n<p>Reconoci\u00f3 que el sal\u00f3n del World Trade Center fue insuficiente, pero refiri\u00f3 que ten\u00edan pensado algo mucho m\u00e1s peque\u00f1o, &#8220;se us\u00f3 todo y las puertas estaban saturadas&#8221;.<\/p>\n\n\n\n<p>El Mandatario opin\u00f3 que es bueno que se hable de estos temas porque significa que hay inter\u00e9s de la sociedad por la pol\u00edtica.<\/p>\n\n\n\n<p>Finalmente se\u00f1al\u00f3 que, &#8220;esperamos que suceda igual cuando venga Marcelo (Ebrard, secretario de Relaciones Exteriores)&#8221;.<\/p>\n","protected":false},"excerpt":{"rendered":"<p>Dar\u00edo Pale Xalapa, Ver &#8211; El gobernador del estado Cuitl\u00e1huac Garc\u00eda Jim\u00e9nez dio a conocer que \u00a0&#8220;no vamos a cargar los dados&#8221; a favor de ninguno de los aspirantes a la presidencia de la Rep\u00fablica y garantizar\u00e1 que haya piso parejo en Veracruz. En conferencia de prensa se\u00f1al\u00f3 que no habr\u00e1 dados cargados y s\u00ed [&hellip;]<\/p>\n","protected":false},"author":2476,"featured_media":5858,"comment_status":"open","ping_status":"open","sticky":false,"template":"","format":"standard","meta":{"_jetpack_memberships_contains_paid_content":false,"footnotes":""},"categories":[2],"tags":[],"class_list":["post-35539","post","type-post","status-publish","format-standard","has-post-thumbnail","hentry","category-estado"],"jetpack_featured_media_url":"https:\/\/encuentroinformativo.com.mx\/wp-content\/uploads\/2020\/09\/8EA0325E-6E03-4ADE-8F9E-590DC54372F0.jpeg","jetpack_sharing_enabled":true,"jetpack_likes_enabled":true,"amp_enabled":true,"_links":{"self":[{"href":"https:\/\/encuentroinformativo.com.mx\/index.php?rest_route=\/wp\/v2\/posts\/35539","targetHints":{"allow":["GET"]}}],"collection":[{"href":"https:\/\/encuentroinformativo.com.mx\/index.php?rest_route=\/wp\/v2\/posts"}],"about":[{"href":"https:\/\/encuentroinformativo.com.mx\/index.php?rest_route=\/wp\/v2\/types\/post"}],"author":[{"embeddable":true,"href":"https:\/\/encuentroinformativo.com.mx\/index.php?rest_route=\/wp\/v2\/users\/2476"}],"replies":[{"embeddable":true,"href":"https:\/\/encuentroinformativo.com.mx\/index.php?rest_route=%2Fwp%2Fv2%2Fcomments&post=35539"}],"version-history":[{"count":1,"href":"https:\/\/encuentroinformativo.com.mx\/index.php?rest_route=\/wp\/v2\/posts\/35539\/revisions"}],"predecessor-version":[{"id":35540,"href":"https:\/\/encuentroinformativo.com.mx\/index.php?rest_route=\/wp\/v2\/posts\/35539\/revisions\/35540"}],"wp:featuredmedia":[{"embeddable":true,"href":"https:\/\/encuentroinformativo.com.mx\/index.php?rest_route=\/wp\/v2\/media\/5858"}],"wp:attachment":[{"href":"https:\/\/encuentroinformativo.com.mx\/index.php?rest_route=%2Fwp%2Fv2%2Fmedia&parent=35539"}],"wp:term":[{"taxonomy":"category","embeddable":true,"href":"https:\/\/encuentroinformativo.com.mx\/index.php?rest_route=%2Fwp%2Fv2%2Fcategories&post=35539"},{"taxonomy":"post_tag","embeddable":true,"href":"https:\/\/encuentroinformativo.com.mx\/index.php?rest_route=%2Fwp%2Fv2%2Ftags&post=35539"}],"curies":[{"name":"wp","href":"https:\/\/api.w.org\/{rel}","templated":true}]}}