{"id":35544,"date":"2023-01-16T17:05:02","date_gmt":"2023-01-16T23:05:02","guid":{"rendered":"https:\/\/encuentroinformativo.com.mx\/?p=35544"},"modified":"2023-01-16T17:05:05","modified_gmt":"2023-01-16T23:05:05","slug":"solicita-alcaldesa-de-sayula-investigar-enfrentamientos-en-ayuntamiento","status":"publish","type":"post","link":"https:\/\/encuentroinformativo.com.mx\/?p=35544","title":{"rendered":"Solicita alcaldesa de Sayula investigar enfrentamientos en ayuntamiento"},"content":{"rendered":"\n<p><strong>Dar\u00edo Pale<\/strong> <\/p>\n\n\n\n<p>Xalapa, Ver.- Mediante una carta a la opini\u00f3n p\u00fablica y enviada a la redacci\u00f3n la presidenta municipal de Sayula de Aleman Lorena S\u00e1nchez Vargas solicitar\u00e1 a la fiscal\u00eda que investigue la raz\u00f3n de origen de la gresca que se present\u00f3 esta ma\u00f1ana en las instalaciones del palacio municipal.<\/p>\n\n\n\n<p>Tambi\u00e9n que se investigue y castigue a los responsables de las lesiones por los golpes que recibi\u00f3 una persona que se trasladaba al funeral de un familiar, por lo que no dar\u00e1n un paso atr\u00e1s.<\/p>\n\n\n\n<p><strong>En la carta a la opini\u00f3n p\u00fablica se\u00f1ala lo siguiente:<\/strong><\/p>\n\n\n\n<p>Al municipio de Sayula de alem\u00e1n Veracruz y la opini\u00f3n p\u00fablica:<\/p>\n\n\n\n<p>Me he enterado por redes sociales qu\u00e9 la madrugada de este lunes tuvo lugar una gresca entre un grupo disidente que mantiene secuestradas las instalaciones del H. Ayuntamiento de Sayula de Alem\u00e1n y algunos pobladores de la misma demarcaci\u00f3n, lo que ha dejado como saldo destrozos, da\u00f1os al patrimonio de los Sayule\u00f1os y un poblador herido, agredido por el grupo disidente, este grupusculo intenta, como ya lo ha hecho en otras ocasiones.<\/p>\n\n\n\n<p>Por ejemplo, en la detenci\u00f3n del ex tesorero Rafael &#8220;N&#8221; (presuntamente vinculado a proceso por delitos contra la salud y portaci\u00f3n de armas) culparme, quiero informar que esos argumentos carecen de veracidad y son inveros\u00edmiles, lo cierto, es que hemos buscado el dialogo en todo momento con este grupo disidente, haci\u00e9ndome presente en diversas ocasiones para acordar la liquidaci\u00f3n de sueldos y prestaciones de ley neg\u00e1ndose a devengar sus salarios, est\u00e1s personas pretextan que toman las instalaciones del ayuntamiento, por qu\u00e9 exigen su pago el cual estamos en toda la disposici\u00f3n de realizarles, pero se niegan a recibirlo.<\/p>\n\n\n\n<p>As\u00ed de inconcebibles e inexplicables son los argumentos de estas personas, por lo tanto me Deslindo categ\u00f3ricamente de estas acusaciones sin sentido, es evidente que este grupo de intereses creados tiene la consigna de entorpecer el buen funcionamiento y la Gobernabilidad del municipio.<\/p>\n\n\n\n<p>Por mi parte Solicitar\u00e9 a la fiscal\u00eda que investigue la raz\u00f3n de origen de la gresca y tambi\u00e9n que se investigue y castigue a los responsables de las lesiones por golpes a un transe\u00fante que se trasladaba al funeral de un familiar, no vamos a dar un paso atr\u00e1s, por el bien de nuestro pueblo y el estado de derecho en Sayula.\u00a0Por el bien del municipio y su poblaci\u00f3n hago un exhorto p\u00fablico a este grupo disidente nuevamente, a qu\u00e9 con fundamento en lo dispuesto en la ley de salarios reciban sus prestaciones econ\u00f3micas y permitan el libre funcionamiento del H. ayuntamiento qu\u00e9 tengo el honor de presidir, el pueblo de sayula requiere de Trabajo conjunto y exige resultados, los invito a abandonar cualquier interes creado que solo da\u00f1a la im\u00e1gen de nuestro gran municipio, de su honorable gente, est\u00e1s retoricas No contribuyen en el desarrollo de nuestro municipio.<\/p>\n\n\n\n<p>Lorena S\u00e1nchez Vargas, Presidenta constitucional del municipio de Sayula de Alem\u00e1n Veracruz.<br>Concluye el documento.<\/p>\n","protected":false},"excerpt":{"rendered":"<p>Dar\u00edo Pale Xalapa, Ver.- Mediante una carta a la opini\u00f3n p\u00fablica y enviada a la redacci\u00f3n la presidenta municipal de Sayula de Aleman Lorena S\u00e1nchez Vargas solicitar\u00e1 a la fiscal\u00eda que investigue la raz\u00f3n de origen de la gresca que se present\u00f3 esta ma\u00f1ana en las instalaciones del palacio municipal. Tambi\u00e9n que se investigue y [&hellip;]<\/p>\n","protected":false},"author":2476,"featured_media":35545,"comment_status":"open","ping_status":"open","sticky":false,"template":"","format":"standard","meta":{"_jetpack_memberships_contains_paid_content":false,"footnotes":""},"categories":[2],"tags":[],"class_list":["post-35544","post","type-post","status-publish","format-standard","has-post-thumbnail","hentry","category-estado"],"jetpack_featured_media_url":"https:\/\/encuentroinformativo.com.mx\/wp-content\/uploads\/2023\/01\/IMG-20230116-WA0046.jpg","jetpack_sharing_enabled":true,"jetpack_likes_enabled":true,"amp_enabled":true,"_links":{"self":[{"href":"https:\/\/encuentroinformativo.com.mx\/index.php?rest_route=\/wp\/v2\/posts\/35544","targetHints":{"allow":["GET"]}}],"collection":[{"href":"https:\/\/encuentroinformativo.com.mx\/index.php?rest_route=\/wp\/v2\/posts"}],"about":[{"href":"https:\/\/encuentroinformativo.com.mx\/index.php?rest_route=\/wp\/v2\/types\/post"}],"author":[{"embeddable":true,"href":"https:\/\/encuentroinformativo.com.mx\/index.php?rest_route=\/wp\/v2\/users\/2476"}],"replies":[{"embeddable":true,"href":"https:\/\/encuentroinformativo.com.mx\/index.php?rest_route=%2Fwp%2Fv2%2Fcomments&post=35544"}],"version-history":[{"count":1,"href":"https:\/\/encuentroinformativo.com.mx\/index.php?rest_route=\/wp\/v2\/posts\/35544\/revisions"}],"predecessor-version":[{"id":35546,"href":"https:\/\/encuentroinformativo.com.mx\/index.php?rest_route=\/wp\/v2\/posts\/35544\/revisions\/35546"}],"wp:featuredmedia":[{"embeddable":true,"href":"https:\/\/encuentroinformativo.com.mx\/index.php?rest_route=\/wp\/v2\/media\/35545"}],"wp:attachment":[{"href":"https:\/\/encuentroinformativo.com.mx\/index.php?rest_route=%2Fwp%2Fv2%2Fmedia&parent=35544"}],"wp:term":[{"taxonomy":"category","embeddable":true,"href":"https:\/\/encuentroinformativo.com.mx\/index.php?rest_route=%2Fwp%2Fv2%2Fcategories&post=35544"},{"taxonomy":"post_tag","embeddable":true,"href":"https:\/\/encuentroinformativo.com.mx\/index.php?rest_route=%2Fwp%2Fv2%2Ftags&post=35544"}],"curies":[{"name":"wp","href":"https:\/\/api.w.org\/{rel}","templated":true}]}}