{"id":35547,"date":"2023-01-16T17:49:02","date_gmt":"2023-01-16T23:49:02","guid":{"rendered":"https:\/\/encuentroinformativo.com.mx\/?p=35547"},"modified":"2023-01-16T17:49:06","modified_gmt":"2023-01-16T23:49:06","slug":"se-investiga-caso-de-menor-que-mato-a-otro-en-la-perla","status":"publish","type":"post","link":"https:\/\/encuentroinformativo.com.mx\/?p=35547","title":{"rendered":"Se investiga caso de menor que mat\u00f3 a otro en La Perla"},"content":{"rendered":"\n<p><strong>Juan Arcos <\/strong><\/p>\n\n\n\n<p>Xalapa, Ver.- Autoridades de Veracruz investigan el caso de un menor que asesin\u00f3 a otro con arma de fuego por una presunta disputa en un juego de \u201cmaquinitas\u201d, en el municipio de La Perla, al centro de la entidad.<\/p>\n\n\n\n<p>Tras este crimen, polic\u00edas ministeriales arribaron al domicilio del agresor, en la localidad El Tejocote; sin embargo, su padre lo hab\u00eda llevado a otro sitio para evadir la justicia.<\/p>\n\n\n\n<p>El gobernador Cuitl\u00e1huac Garc\u00eda Jim\u00e9nez enfatiz\u00f3 que se ha abierto una carpeta de investigaci\u00f3n para dar con su paradero, por lo que en este momento se est\u00e1n llevando a cabo las acciones necesarias.<\/p>\n\n\n\n<p>El mandatario estatal reprob\u00f3 que el menor haya tenido acceso a una pistola para acabar con la vida de su amigo, de apenas 11 a\u00f1os de edad.<br>Esto ocurri\u00f3 el domingo 15 de enero al interior de una tienda de abarrotes de dicha demarcaci\u00f3n, ubicada en la regi\u00f3n de las Altas Monta\u00f1as del estado de Veracruz, donde la v\u00edctima fue identificada como Samuel.<\/p>\n\n\n\n<p>El ni\u00f1o hab\u00eda vencido a todos sus rivales en un videojuego, pero uno de ellos no acept\u00f3 perder, enfureci\u00f3 y fue a su casa por la pistola de su padre para detonarla en contra de su adversario.<\/p>\n\n\n\n<p>&#8220;Lo triste de este caso es que un ni\u00f1o de 10 a\u00f1os tiene acceso a un arma de su familia y la detona contra otro menor por una discusi\u00f3n entre ellos, tiene que actuarse apegado a derecho para ver las responsabilidades por el arma porque sin duda que hay responsabilidades\u201d, expres\u00f3 el Gobernador.<\/p>\n\n\n\n<p>En conferencia de prensa, desde Palacio de Gobierno, el titular del Poder Ejecutivo en Veracruz destac\u00f3 que la Fiscal\u00eda General del Estado (FGE) inici\u00f3 las diligencias para deslindar posibilidades debido a que el menor tuvo acceso a un arma.<\/p>\n\n\n\n<p>Garc\u00eda Jim\u00e9nez a\u00f1adi\u00f3 que es necesario fortalecer las campa\u00f1as para el canje de armas entre la poblaci\u00f3n, las cuales han tenido una buena aceptaci\u00f3n en las distintas regiones de la entidad.<\/p>\n\n\n\n<p>El Gobernador de Veracruz refiri\u00f3 que la actual administraci\u00f3n estatal ha emprendido el programa de desarme, con la finalidad de evitar este tipo de hechos lamentables.<\/p>\n\n\n\n<p>Cabe recordar que Samuel fue atendido por polic\u00edas y elementos de Protecci\u00f3n Civil de La Perla, siendo trasladado al Hospital Regional de R\u00edo Blanco, donde m\u00e1s adelante muri\u00f3 por la gravedad de las lesiones.<\/p>\n","protected":false},"excerpt":{"rendered":"<p>Juan Arcos Xalapa, Ver.- Autoridades de Veracruz investigan el caso de un menor que asesin\u00f3 a otro con arma de fuego por una presunta disputa en un juego de \u201cmaquinitas\u201d, en el municipio de La Perla, al centro de la entidad. Tras este crimen, polic\u00edas ministeriales arribaron al domicilio del agresor, en la localidad El [&hellip;]<\/p>\n","protected":false},"author":2476,"featured_media":35548,"comment_status":"open","ping_status":"open","sticky":false,"template":"","format":"standard","meta":{"_jetpack_memberships_contains_paid_content":false,"footnotes":""},"categories":[2],"tags":[],"class_list":["post-35547","post","type-post","status-publish","format-standard","has-post-thumbnail","hentry","category-estado"],"jetpack_featured_media_url":"https:\/\/encuentroinformativo.com.mx\/wp-content\/uploads\/2023\/01\/bc1bb50c-1de7-4363-b704-d1cfbc7800fc.jpg","jetpack_sharing_enabled":true,"jetpack_likes_enabled":true,"amp_enabled":true,"_links":{"self":[{"href":"https:\/\/encuentroinformativo.com.mx\/index.php?rest_route=\/wp\/v2\/posts\/35547","targetHints":{"allow":["GET"]}}],"collection":[{"href":"https:\/\/encuentroinformativo.com.mx\/index.php?rest_route=\/wp\/v2\/posts"}],"about":[{"href":"https:\/\/encuentroinformativo.com.mx\/index.php?rest_route=\/wp\/v2\/types\/post"}],"author":[{"embeddable":true,"href":"https:\/\/encuentroinformativo.com.mx\/index.php?rest_route=\/wp\/v2\/users\/2476"}],"replies":[{"embeddable":true,"href":"https:\/\/encuentroinformativo.com.mx\/index.php?rest_route=%2Fwp%2Fv2%2Fcomments&post=35547"}],"version-history":[{"count":1,"href":"https:\/\/encuentroinformativo.com.mx\/index.php?rest_route=\/wp\/v2\/posts\/35547\/revisions"}],"predecessor-version":[{"id":35549,"href":"https:\/\/encuentroinformativo.com.mx\/index.php?rest_route=\/wp\/v2\/posts\/35547\/revisions\/35549"}],"wp:featuredmedia":[{"embeddable":true,"href":"https:\/\/encuentroinformativo.com.mx\/index.php?rest_route=\/wp\/v2\/media\/35548"}],"wp:attachment":[{"href":"https:\/\/encuentroinformativo.com.mx\/index.php?rest_route=%2Fwp%2Fv2%2Fmedia&parent=35547"}],"wp:term":[{"taxonomy":"category","embeddable":true,"href":"https:\/\/encuentroinformativo.com.mx\/index.php?rest_route=%2Fwp%2Fv2%2Fcategories&post=35547"},{"taxonomy":"post_tag","embeddable":true,"href":"https:\/\/encuentroinformativo.com.mx\/index.php?rest_route=%2Fwp%2Fv2%2Ftags&post=35547"}],"curies":[{"name":"wp","href":"https:\/\/api.w.org\/{rel}","templated":true}]}}