{"id":35562,"date":"2023-01-17T11:52:20","date_gmt":"2023-01-17T17:52:20","guid":{"rendered":"https:\/\/encuentroinformativo.com.mx\/?p=35562"},"modified":"2023-01-17T11:52:24","modified_gmt":"2023-01-17T17:52:24","slug":"insiste-prd-en-declarar-tercera-alerta-de-genero","status":"publish","type":"post","link":"https:\/\/encuentroinformativo.com.mx\/?p=35562","title":{"rendered":"Insiste PRD en declarar tercera alerta de g\u00e9nero"},"content":{"rendered":"\n<p><strong>Dar\u00edo Pale<\/strong><\/p>\n\n\n\n<p>Xalapa, Ver.- La secretaria de Agendas de Igualdad del Partido de la Revoluci\u00f3n Democr\u00e1tica (PRD), Miriam Lagunes Mar\u00edn, exhort\u00f3 a la Comisi\u00f3n Nacional para Prevenir y Erradicar la Violencia Contra las Mujeres (Conavim) a que decrete la tercer Alerta de Violencia de G\u00e9nero contra las Mujeres por Desaparici\u00f3n de Mujeres y Ni\u00f1as.<\/p>\n\n\n\n<p>En conferencia de prensa se\u00f1al\u00f3 que, sobre las cifras que podr\u00eda referir sobre la problem\u00e1tica que existe en Veracruz por la desaparici\u00f3n de ni\u00f1as y mujeres, dijo que \u00fanicamente las del Observatorio Veracruzano de Violencia contra las Mujeres de la Universidad Veracruzana, quienes recientemente aseguraron que de 2017 a la fecha las desapariciones de mujeres se ha exponenciado en un 400 por ciento, &#8220;porque son m\u00e1s veraces&#8221;.<\/p>\n\n\n\n<p>Record\u00f3 que en 2016 se emiti\u00f3 la primera Alerta de Violencia de G\u00e9nero por violencia feminicida, posteriormente en 2017, se emiti\u00f3 la segunda Alerta por agravio comparado, lo que oblig\u00f3 al Congreso a legislar en materia de interrupci\u00f3n legal del embarazo, lo cual no se ha cumplido de manera cabal.<\/p>\n\n\n\n<p>Fue as\u00ed que record\u00f3 que en 2019 una organizaci\u00f3n de la sociedad civil, solicit\u00f3 la tercera Alerta por desaparici\u00f3n de ni\u00f1as y mujeres, sin embargo a la fecha la Conavim no ha sido clara en los informes del Grupo Interinstitucional y Multidisciplinario.<\/p>\n\n\n\n<p>&#8220;No sabemos cu\u00e1l es el avance de las investigaciones ni tampoco sabemos en qu\u00e9 momento se har\u00e1 una declaratoria. No es cuando deseen, hay una temporalidad que se debe seguir&#8221;, subray\u00f3.<\/p>\n\n\n\n<p>Reconoci\u00f3 que el exhorto lo hacen \u00fanicamente de manera medi\u00e1tica, no de manera formal como partido pol\u00edtico porque cree que de esa manera se ejerce mayor presi\u00f3n.<\/p>\n\n\n\n<p>&#8220;No lo hemos hecho de manera formal efectivamente, ahorita lo estamos haciendo de manera medi\u00e1tica, estamos checando con nuestros abogados el mejor modo de proceder.<\/p>\n\n\n\n<p>Si el Gobierno ha sido omiso en sus obligaciones, el tema medi\u00e1tico y la presi\u00f3n social es un factor muy importante para hacerles cumplir&#8221;, opin\u00f3 y refiri\u00f3 que sin presi\u00f3n medi\u00e1tica nunca se hubiera hablado de los femicidios.<\/p>\n\n\n\n<p>Lagunes Mar\u00edn acus\u00f3 un silencio casi &#8220;c\u00f3mplice&#8221; del gobierno estatal respecto del crimen de dos polic\u00edas que estaban en C\u00f3rdoba, presuntamente resguardando la casa de la encargada del Instituto Veracruzano de las Mujeres, Roc\u00edo Villafuerte.<\/p>\n\n\n\n<p>Por \u00faltimo critic\u00f3 que el Ejecutivo no haya aclarado c\u00f3mo y por qu\u00e9 muri\u00f3 una de las elementos de la Secretar\u00eda de Seguridad P\u00fablica en dicho evento, pero s\u00ed hace pasarela pol\u00edtica con las <em>corcholatas<\/em> presidenciables.<\/p>\n","protected":false},"excerpt":{"rendered":"<p>Dar\u00edo Pale Xalapa, Ver.- La secretaria de Agendas de Igualdad del Partido de la Revoluci\u00f3n Democr\u00e1tica (PRD), Miriam Lagunes Mar\u00edn, exhort\u00f3 a la Comisi\u00f3n Nacional para Prevenir y Erradicar la Violencia Contra las Mujeres (Conavim) a que decrete la tercer Alerta de Violencia de G\u00e9nero contra las Mujeres por Desaparici\u00f3n de Mujeres y Ni\u00f1as. En [&hellip;]<\/p>\n","protected":false},"author":2476,"featured_media":35563,"comment_status":"open","ping_status":"open","sticky":false,"template":"","format":"standard","meta":{"_jetpack_memberships_contains_paid_content":false,"footnotes":""},"categories":[2],"tags":[],"class_list":["post-35562","post","type-post","status-publish","format-standard","has-post-thumbnail","hentry","category-estado"],"jetpack_featured_media_url":"https:\/\/encuentroinformativo.com.mx\/wp-content\/uploads\/2023\/01\/IMG-20230117-WA00322.jpg","jetpack_sharing_enabled":true,"jetpack_likes_enabled":true,"amp_enabled":true,"_links":{"self":[{"href":"https:\/\/encuentroinformativo.com.mx\/index.php?rest_route=\/wp\/v2\/posts\/35562","targetHints":{"allow":["GET"]}}],"collection":[{"href":"https:\/\/encuentroinformativo.com.mx\/index.php?rest_route=\/wp\/v2\/posts"}],"about":[{"href":"https:\/\/encuentroinformativo.com.mx\/index.php?rest_route=\/wp\/v2\/types\/post"}],"author":[{"embeddable":true,"href":"https:\/\/encuentroinformativo.com.mx\/index.php?rest_route=\/wp\/v2\/users\/2476"}],"replies":[{"embeddable":true,"href":"https:\/\/encuentroinformativo.com.mx\/index.php?rest_route=%2Fwp%2Fv2%2Fcomments&post=35562"}],"version-history":[{"count":1,"href":"https:\/\/encuentroinformativo.com.mx\/index.php?rest_route=\/wp\/v2\/posts\/35562\/revisions"}],"predecessor-version":[{"id":35564,"href":"https:\/\/encuentroinformativo.com.mx\/index.php?rest_route=\/wp\/v2\/posts\/35562\/revisions\/35564"}],"wp:featuredmedia":[{"embeddable":true,"href":"https:\/\/encuentroinformativo.com.mx\/index.php?rest_route=\/wp\/v2\/media\/35563"}],"wp:attachment":[{"href":"https:\/\/encuentroinformativo.com.mx\/index.php?rest_route=%2Fwp%2Fv2%2Fmedia&parent=35562"}],"wp:term":[{"taxonomy":"category","embeddable":true,"href":"https:\/\/encuentroinformativo.com.mx\/index.php?rest_route=%2Fwp%2Fv2%2Fcategories&post=35562"},{"taxonomy":"post_tag","embeddable":true,"href":"https:\/\/encuentroinformativo.com.mx\/index.php?rest_route=%2Fwp%2Fv2%2Ftags&post=35562"}],"curies":[{"name":"wp","href":"https:\/\/api.w.org\/{rel}","templated":true}]}}