{"id":35565,"date":"2023-01-17T12:00:30","date_gmt":"2023-01-17T18:00:30","guid":{"rendered":"https:\/\/encuentroinformativo.com.mx\/?p=35565"},"modified":"2023-01-17T12:00:34","modified_gmt":"2023-01-17T18:00:34","slug":"confia-pt-en-resultados-de-alianza-partidista","status":"publish","type":"post","link":"https:\/\/encuentroinformativo.com.mx\/?p=35565","title":{"rendered":"Conf\u00eda PT en resultados de alianza partidista"},"content":{"rendered":"\n<p><strong>Israel Garc\u00eda <\/strong><\/p>\n\n\n\n<p>Xalapa, Ver.- El Dirigente Estatal del Partido del Trabajo (PT) Vicente Aguilar Aguilar, en su conferencia de los martes, hablo de la Alianza, &#8220;Juntos haremos historia&#8221; que dijo sigue adelante lista para el pr\u00f3ximo proceso electoral. <\/p>\n\n\n\n<p>Por lo que se\u00f1al\u00f3 que el hecho de postular a Ricardo Mejia Verdeja como candidato a gobernador en el estado de Coahuila, dijo que indica la autonom\u00eda del instituto para participar en cualquier proceso.<\/p>\n\n\n\n<p>El petista indic\u00f3 que estan convencidos con el triunfo del candidato y continuar\u00e1n con la Cuarta Transformaci\u00f3n (4T).<\/p>\n\n\n\n<p>En Veracruz se espera que la Fiscal\u00eda del Estado informe sobre su desempe\u00f1o, pide que la fiscal Ver\u00f3nica Hern\u00e1ndez comparezca ante el Congreso Local, el d\u00eda pr\u00f3ximo 24 de enero, pues acus\u00f3 que los resultados obtenidos hasta ahora, dejan mucho que desear, &#8220;qu\u00e9 explique cu\u00e1ntas carpetas de investigaci\u00f3n est\u00e1n pendientes y cu\u00e1ntas se han resuelto&#8221;.<\/p>\n\n\n\n<p>En otro tema, sobre las declaraciones de la presidenta del Poder Judicial quien manifiesta tener autonom\u00eda, como un Poder m\u00e1s integrante del Estado. Esperan que la resoluci\u00f3n de los jueces tambi\u00e9n se demuestre en los hechos, por lo que el lider partidista coment\u00f3 que otorgan el beneficio de la duda.<\/p>\n\n\n\n<p>&#8220;Eso s\u00ed creemos que sancionar solo a dos jueces por actos de corrupci\u00f3n, indica que algunos m\u00e1s pueden estar solapados por la misma conducta&#8221;.<\/p>\n","protected":false},"excerpt":{"rendered":"<p>Israel Garc\u00eda Xalapa, Ver.- El Dirigente Estatal del Partido del Trabajo (PT) Vicente Aguilar Aguilar, en su conferencia de los martes, hablo de la Alianza, &#8220;Juntos haremos historia&#8221; que dijo sigue adelante lista para el pr\u00f3ximo proceso electoral. Por lo que se\u00f1al\u00f3 que el hecho de postular a Ricardo Mejia Verdeja como candidato a gobernador [&hellip;]<\/p>\n","protected":false},"author":2476,"featured_media":35566,"comment_status":"open","ping_status":"open","sticky":false,"template":"","format":"standard","meta":{"_jetpack_memberships_contains_paid_content":false,"footnotes":""},"categories":[2],"tags":[],"class_list":["post-35565","post","type-post","status-publish","format-standard","has-post-thumbnail","hentry","category-estado"],"jetpack_featured_media_url":"https:\/\/encuentroinformativo.com.mx\/wp-content\/uploads\/2023\/01\/IMG-20230117-WA0022.jpg","jetpack_sharing_enabled":true,"jetpack_likes_enabled":true,"amp_enabled":true,"_links":{"self":[{"href":"https:\/\/encuentroinformativo.com.mx\/index.php?rest_route=\/wp\/v2\/posts\/35565","targetHints":{"allow":["GET"]}}],"collection":[{"href":"https:\/\/encuentroinformativo.com.mx\/index.php?rest_route=\/wp\/v2\/posts"}],"about":[{"href":"https:\/\/encuentroinformativo.com.mx\/index.php?rest_route=\/wp\/v2\/types\/post"}],"author":[{"embeddable":true,"href":"https:\/\/encuentroinformativo.com.mx\/index.php?rest_route=\/wp\/v2\/users\/2476"}],"replies":[{"embeddable":true,"href":"https:\/\/encuentroinformativo.com.mx\/index.php?rest_route=%2Fwp%2Fv2%2Fcomments&post=35565"}],"version-history":[{"count":1,"href":"https:\/\/encuentroinformativo.com.mx\/index.php?rest_route=\/wp\/v2\/posts\/35565\/revisions"}],"predecessor-version":[{"id":35567,"href":"https:\/\/encuentroinformativo.com.mx\/index.php?rest_route=\/wp\/v2\/posts\/35565\/revisions\/35567"}],"wp:featuredmedia":[{"embeddable":true,"href":"https:\/\/encuentroinformativo.com.mx\/index.php?rest_route=\/wp\/v2\/media\/35566"}],"wp:attachment":[{"href":"https:\/\/encuentroinformativo.com.mx\/index.php?rest_route=%2Fwp%2Fv2%2Fmedia&parent=35565"}],"wp:term":[{"taxonomy":"category","embeddable":true,"href":"https:\/\/encuentroinformativo.com.mx\/index.php?rest_route=%2Fwp%2Fv2%2Fcategories&post=35565"},{"taxonomy":"post_tag","embeddable":true,"href":"https:\/\/encuentroinformativo.com.mx\/index.php?rest_route=%2Fwp%2Fv2%2Ftags&post=35565"}],"curies":[{"name":"wp","href":"https:\/\/api.w.org\/{rel}","templated":true}]}}