{"id":35571,"date":"2023-01-17T12:55:12","date_gmt":"2023-01-17T18:55:12","guid":{"rendered":"https:\/\/encuentroinformativo.com.mx\/?p=35571"},"modified":"2023-01-17T12:55:15","modified_gmt":"2023-01-17T18:55:15","slug":"invitan-a-feria-de-la-garnacha-en-altotonga","status":"publish","type":"post","link":"https:\/\/encuentroinformativo.com.mx\/?p=35571","title":{"rendered":"Invitan a Feria de la Garnacha en Altotonga"},"content":{"rendered":"\n<p><strong>Dar\u00edo Pale <\/strong><\/p>\n\n\n\n<p>Xalapa, Ver.- Invitan a la ciudadan\u00eda para que asista a la Feria de la Garnacha en Altotonga 2023, la cual se llevar\u00e1 a cabo el d\u00eda 28 de enero, as\u00ed lo dio a conocer Lisset Ortiz Carrillo.<\/p>\n\n\n\n<p>En conferencia de prensa se\u00f1al\u00f3 que esta ser\u00eda la cuarta edici\u00f3n ya que es el cuarto a\u00f1o que se realiza este evento que conjuga toda la gastronom\u00eda local, lo que incluye panader\u00edas, cerveza artesanal, bebidas t\u00edpicas de la regi\u00f3n, caf\u00e9, entre otras.<\/p>\n\n\n\n<p>Asimismo, habr\u00e1 baile y m\u00fasica con diferentes conjuntos locales, destac\u00f3 que adem\u00e1s de la zona tur\u00edstica de Pancho Poza, hay buenos hoteles, restaurantes y caba\u00f1as.\u00a0<\/p>\n\n\n\n<p>A la par, dijo, se va a hacer un evento deportivo. Se trata de un Trail nocturno, el cual inicia a las 6:30 de la tarde. Es un circuito que tiene una distancia de 6. 5 y 7 kil\u00f3metros.<\/p>\n\n\n\n<p>Las inscripciones est\u00e1n abiertas y tienen un costo de 200 pesos, inform\u00f3 Selene Dolores Hern\u00e1ndez.\u00a0<\/p>\n\n\n\n<p>Finalmente, tambi\u00e9n habr\u00e1 una galer\u00eda de arte, en la que habr\u00e1 una exposici\u00f3n cultural.<\/p>\n","protected":false},"excerpt":{"rendered":"<p>Dar\u00edo Pale Xalapa, Ver.- Invitan a la ciudadan\u00eda para que asista a la Feria de la Garnacha en Altotonga 2023, la cual se llevar\u00e1 a cabo el d\u00eda 28 de enero, as\u00ed lo dio a conocer Lisset Ortiz Carrillo. En conferencia de prensa se\u00f1al\u00f3 que esta ser\u00eda la cuarta edici\u00f3n ya que es el cuarto [&hellip;]<\/p>\n","protected":false},"author":2476,"featured_media":35572,"comment_status":"open","ping_status":"open","sticky":false,"template":"","format":"standard","meta":{"_jetpack_memberships_contains_paid_content":false,"footnotes":""},"categories":[8],"tags":[],"class_list":["post-35571","post","type-post","status-publish","format-standard","has-post-thumbnail","hentry","category-region"],"jetpack_featured_media_url":"https:\/\/encuentroinformativo.com.mx\/wp-content\/uploads\/2023\/01\/IMG-20230117-WA00452.jpg","jetpack_sharing_enabled":true,"jetpack_likes_enabled":true,"amp_enabled":true,"_links":{"self":[{"href":"https:\/\/encuentroinformativo.com.mx\/index.php?rest_route=\/wp\/v2\/posts\/35571","targetHints":{"allow":["GET"]}}],"collection":[{"href":"https:\/\/encuentroinformativo.com.mx\/index.php?rest_route=\/wp\/v2\/posts"}],"about":[{"href":"https:\/\/encuentroinformativo.com.mx\/index.php?rest_route=\/wp\/v2\/types\/post"}],"author":[{"embeddable":true,"href":"https:\/\/encuentroinformativo.com.mx\/index.php?rest_route=\/wp\/v2\/users\/2476"}],"replies":[{"embeddable":true,"href":"https:\/\/encuentroinformativo.com.mx\/index.php?rest_route=%2Fwp%2Fv2%2Fcomments&post=35571"}],"version-history":[{"count":1,"href":"https:\/\/encuentroinformativo.com.mx\/index.php?rest_route=\/wp\/v2\/posts\/35571\/revisions"}],"predecessor-version":[{"id":35573,"href":"https:\/\/encuentroinformativo.com.mx\/index.php?rest_route=\/wp\/v2\/posts\/35571\/revisions\/35573"}],"wp:featuredmedia":[{"embeddable":true,"href":"https:\/\/encuentroinformativo.com.mx\/index.php?rest_route=\/wp\/v2\/media\/35572"}],"wp:attachment":[{"href":"https:\/\/encuentroinformativo.com.mx\/index.php?rest_route=%2Fwp%2Fv2%2Fmedia&parent=35571"}],"wp:term":[{"taxonomy":"category","embeddable":true,"href":"https:\/\/encuentroinformativo.com.mx\/index.php?rest_route=%2Fwp%2Fv2%2Fcategories&post=35571"},{"taxonomy":"post_tag","embeddable":true,"href":"https:\/\/encuentroinformativo.com.mx\/index.php?rest_route=%2Fwp%2Fv2%2Ftags&post=35571"}],"curies":[{"name":"wp","href":"https:\/\/api.w.org\/{rel}","templated":true}]}}