{"id":35574,"date":"2023-01-17T13:46:40","date_gmt":"2023-01-17T19:46:40","guid":{"rendered":"https:\/\/encuentroinformativo.com.mx\/?p=35574"},"modified":"2023-01-17T13:46:44","modified_gmt":"2023-01-17T19:46:44","slug":"confirma-fiscalia-aprehension-de-regidor-de-sayula","status":"publish","type":"post","link":"https:\/\/encuentroinformativo.com.mx\/?p=35574","title":{"rendered":"Confirma Fiscal\u00eda aprehensi\u00f3n de regidor de Sayula"},"content":{"rendered":"\n<p><strong>Dar\u00edo Pale <\/strong><\/p>\n\n\n\n<p>Xalapa, Ver.- La Fiscal\u00eda General del Estado (FGE) detuvo esta ma\u00f1ana al regidor segundo de Sayula de Aleman Abimael &#8220;N&#8221;, por violencia pol\u00edtica en contra Alcaldesa Lorena S\u00e1nchez Vargas.<\/p>\n\n\n\n<p>La FGE cumpliment\u00f3 la orden de aprehensi\u00f3n como presunto responsable de los delitos \u00a0de violencia psicol\u00f3gica y violencia pol\u00edtica contra las mujeres en raz\u00f3n de g\u00e9nero en agravio de la presidenta municipal.<\/p>\n\n\n\n<p>El organismo aut\u00f3nomo indic\u00f3 que respetando sus derechos humanos y el debido proceso, el edil ser\u00e1 presentado en audiencia inicial ante el Juez de Proceso y Procedimiento Penal Oral del Distrito Judicial de Xalapa, para que defina su situaci\u00f3n jur\u00eddica dentro del proceso penal 26\/2023.<\/p>\n\n\n\n<p>Abimael &#8220;N&#8221; subi\u00f3 a sus redes sociales un v\u00eddeo en donde se est\u00e1 llevando a cabo su detenci\u00f3n, as\u00ed como otros fragmentos en donde responsabiliza a la Alcaldesa de su integridad f\u00edsica y la de su familia, luego de que los problemas entre ellos es porque presuntamente no se ha prestado a ninguna irregularidad administrativa.<\/p>\n","protected":false},"excerpt":{"rendered":"<p>Dar\u00edo Pale Xalapa, Ver.- La Fiscal\u00eda General del Estado (FGE) detuvo esta ma\u00f1ana al regidor segundo de Sayula de Aleman Abimael &#8220;N&#8221;, por violencia pol\u00edtica en contra Alcaldesa Lorena S\u00e1nchez Vargas. La FGE cumpliment\u00f3 la orden de aprehensi\u00f3n como presunto responsable de los delitos \u00a0de violencia psicol\u00f3gica y violencia pol\u00edtica contra las mujeres en raz\u00f3n [&hellip;]<\/p>\n","protected":false},"author":2476,"featured_media":35575,"comment_status":"open","ping_status":"open","sticky":false,"template":"","format":"standard","meta":{"_jetpack_memberships_contains_paid_content":false,"footnotes":""},"categories":[14],"tags":[],"class_list":["post-35574","post","type-post","status-publish","format-standard","has-post-thumbnail","hentry","category-policiaca"],"jetpack_featured_media_url":"https:\/\/encuentroinformativo.com.mx\/wp-content\/uploads\/2023\/01\/IMG-20230117-WA0054.jpg","jetpack_sharing_enabled":true,"jetpack_likes_enabled":true,"amp_enabled":true,"_links":{"self":[{"href":"https:\/\/encuentroinformativo.com.mx\/index.php?rest_route=\/wp\/v2\/posts\/35574","targetHints":{"allow":["GET"]}}],"collection":[{"href":"https:\/\/encuentroinformativo.com.mx\/index.php?rest_route=\/wp\/v2\/posts"}],"about":[{"href":"https:\/\/encuentroinformativo.com.mx\/index.php?rest_route=\/wp\/v2\/types\/post"}],"author":[{"embeddable":true,"href":"https:\/\/encuentroinformativo.com.mx\/index.php?rest_route=\/wp\/v2\/users\/2476"}],"replies":[{"embeddable":true,"href":"https:\/\/encuentroinformativo.com.mx\/index.php?rest_route=%2Fwp%2Fv2%2Fcomments&post=35574"}],"version-history":[{"count":1,"href":"https:\/\/encuentroinformativo.com.mx\/index.php?rest_route=\/wp\/v2\/posts\/35574\/revisions"}],"predecessor-version":[{"id":35576,"href":"https:\/\/encuentroinformativo.com.mx\/index.php?rest_route=\/wp\/v2\/posts\/35574\/revisions\/35576"}],"wp:featuredmedia":[{"embeddable":true,"href":"https:\/\/encuentroinformativo.com.mx\/index.php?rest_route=\/wp\/v2\/media\/35575"}],"wp:attachment":[{"href":"https:\/\/encuentroinformativo.com.mx\/index.php?rest_route=%2Fwp%2Fv2%2Fmedia&parent=35574"}],"wp:term":[{"taxonomy":"category","embeddable":true,"href":"https:\/\/encuentroinformativo.com.mx\/index.php?rest_route=%2Fwp%2Fv2%2Fcategories&post=35574"},{"taxonomy":"post_tag","embeddable":true,"href":"https:\/\/encuentroinformativo.com.mx\/index.php?rest_route=%2Fwp%2Fv2%2Ftags&post=35574"}],"curies":[{"name":"wp","href":"https:\/\/api.w.org\/{rel}","templated":true}]}}