{"id":3558,"date":"2020-06-23T13:01:32","date_gmt":"2020-06-23T18:01:32","guid":{"rendered":"https:\/\/encuentroinformativo.com\/?p=3558"},"modified":"2020-06-23T13:01:35","modified_gmt":"2020-06-23T18:01:35","slug":"sin-danos-a-infraestructura-en-xalapa-pc","status":"publish","type":"post","link":"https:\/\/encuentroinformativo.com.mx\/?p=3558","title":{"rendered":"Sin da\u00f1os a infraestructura en Xalapa: PC"},"content":{"rendered":"\n<p><strong>Dar\u00edo Pale <\/strong><\/p>\n\n\n\n<p>Xalapa, Ver.- El Director de protecci\u00f3n civil municipal Jos\u00e9 de Jes\u00fas Vargas Hern\u00e1ndez inform\u00f3 que despu\u00e9s del temblor de 7.5 que se registr\u00f3 a las 10:29 con epicentro en el estado de Oaxaca, no se han presentado da\u00f1os en la infraestructura tanto p\u00fablica como privada.<\/p>\n\n\n\n<p>En entrevista explic\u00f3 que llevo a cabo un recorrido para verificar si existen da\u00f1os en aquellas instalaciones que pudieran presentar alg\u00fan riesgo.<\/p>\n\n\n\n<p>Por lo que se superviso edificios p\u00fablicos como las torre Hakim y \u00a0Animas, adem\u00e1s \u00a0plazas comerciales y as\u00ed como la Secretar\u00eda de Finanzas y Planeaci\u00f3n (SEFIPLAN).<\/p>\n\n\n\n<p>Tambi\u00e9n las instalaciones de PEMEX, la plantas de CFE y los tanques elevados de la Comisi\u00f3n Municipal de Agua y Saneamiento (CMAS) y los puentes viales que se ubican en la ciudad.<\/p>\n\n\n\n<p>Dio a conocer que estar\u00e1n pendientes de las escuelas ya que debido a que o hay clases y es donde se presentan da\u00f1os en la estructura, pero hasta el momento no han reportado.<\/p>\n\n\n\n<p>Finalmente cabe se\u00f1alar que al realizar una revisi\u00f3n en las instalaciones del palacio municipal se lleg\u00f3 a saber que el edificio nuevo donde al parecer esta obras p\u00fablicas y lo acaban de inaugurar, present\u00f3 algunas grietas por lo que personal de protecci\u00f3n civil tomo las debidas precauciones.<br><\/p>\n\n\n\n<figure class=\"wp-block-image size-large\"><img loading=\"lazy\" decoding=\"async\" width=\"1280\" height=\"720\" src=\"https:\/\/i0.wp.com\/encuentroinformativo.com\/wp-content\/uploads\/2020\/06\/36743CB2-ECE3-43C7-B032-3F3B4D563892.jpeg?fit=640%2C360&amp;ssl=1\" alt=\"\" class=\"wp-image-3560\" srcset=\"https:\/\/encuentroinformativo.com.mx\/wp-content\/uploads\/2020\/06\/36743CB2-ECE3-43C7-B032-3F3B4D563892.jpeg 1280w, https:\/\/encuentroinformativo.com.mx\/wp-content\/uploads\/2020\/06\/36743CB2-ECE3-43C7-B032-3F3B4D563892-300x169.jpeg 300w, https:\/\/encuentroinformativo.com.mx\/wp-content\/uploads\/2020\/06\/36743CB2-ECE3-43C7-B032-3F3B4D563892-1024x576.jpeg 1024w, https:\/\/encuentroinformativo.com.mx\/wp-content\/uploads\/2020\/06\/36743CB2-ECE3-43C7-B032-3F3B4D563892-768x432.jpeg 768w\" sizes=\"auto, (max-width: 1280px) 100vw, 1280px\" \/><\/figure>\n\n\n\n<p><\/p>\n\n\n\n<p><\/p>\n","protected":false},"excerpt":{"rendered":"<p>Dar\u00edo Pale Xalapa, Ver.- El Director de protecci\u00f3n civil municipal Jos\u00e9 de Jes\u00fas Vargas Hern\u00e1ndez inform\u00f3 que despu\u00e9s del temblor de 7.5 que se registr\u00f3 a las 10:29 con epicentro en el estado de Oaxaca, no se han presentado da\u00f1os en la infraestructura tanto p\u00fablica como privada. En entrevista explic\u00f3 que llevo a cabo un [&hellip;]<\/p>\n","protected":false},"author":1,"featured_media":3559,"comment_status":"open","ping_status":"open","sticky":false,"template":"","format":"standard","meta":{"_jetpack_memberships_contains_paid_content":false,"footnotes":""},"categories":[3],"tags":[],"class_list":["post-3558","post","type-post","status-publish","format-standard","has-post-thumbnail","hentry","category-xalapa"],"jetpack_featured_media_url":"https:\/\/encuentroinformativo.com.mx\/wp-content\/uploads\/2020\/06\/D214B828-9962-402E-ABA7-D7DA94C137E0.jpeg","jetpack_sharing_enabled":true,"jetpack_likes_enabled":true,"amp_enabled":true,"_links":{"self":[{"href":"https:\/\/encuentroinformativo.com.mx\/index.php?rest_route=\/wp\/v2\/posts\/3558","targetHints":{"allow":["GET"]}}],"collection":[{"href":"https:\/\/encuentroinformativo.com.mx\/index.php?rest_route=\/wp\/v2\/posts"}],"about":[{"href":"https:\/\/encuentroinformativo.com.mx\/index.php?rest_route=\/wp\/v2\/types\/post"}],"author":[{"embeddable":true,"href":"https:\/\/encuentroinformativo.com.mx\/index.php?rest_route=\/wp\/v2\/users\/1"}],"replies":[{"embeddable":true,"href":"https:\/\/encuentroinformativo.com.mx\/index.php?rest_route=%2Fwp%2Fv2%2Fcomments&post=3558"}],"version-history":[{"count":2,"href":"https:\/\/encuentroinformativo.com.mx\/index.php?rest_route=\/wp\/v2\/posts\/3558\/revisions"}],"predecessor-version":[{"id":3562,"href":"https:\/\/encuentroinformativo.com.mx\/index.php?rest_route=\/wp\/v2\/posts\/3558\/revisions\/3562"}],"wp:featuredmedia":[{"embeddable":true,"href":"https:\/\/encuentroinformativo.com.mx\/index.php?rest_route=\/wp\/v2\/media\/3559"}],"wp:attachment":[{"href":"https:\/\/encuentroinformativo.com.mx\/index.php?rest_route=%2Fwp%2Fv2%2Fmedia&parent=3558"}],"wp:term":[{"taxonomy":"category","embeddable":true,"href":"https:\/\/encuentroinformativo.com.mx\/index.php?rest_route=%2Fwp%2Fv2%2Fcategories&post=3558"},{"taxonomy":"post_tag","embeddable":true,"href":"https:\/\/encuentroinformativo.com.mx\/index.php?rest_route=%2Fwp%2Fv2%2Ftags&post=3558"}],"curies":[{"name":"wp","href":"https:\/\/api.w.org\/{rel}","templated":true}]}}