{"id":35628,"date":"2023-01-18T13:48:26","date_gmt":"2023-01-18T19:48:26","guid":{"rendered":"https:\/\/encuentroinformativo.com.mx\/?p=35628"},"modified":"2023-01-18T13:48:30","modified_gmt":"2023-01-18T19:48:30","slug":"fge-determinara-sanciones-contra-funcionarios-de-sayula-gobernador","status":"publish","type":"post","link":"https:\/\/encuentroinformativo.com.mx\/?p=35628","title":{"rendered":"FGE determinar\u00e1 sanciones contra funcionarios de Sayula: Gobernador"},"content":{"rendered":"\n<p><strong>Dar\u00edo Pale <\/strong><\/p>\n\n\n\n<p>Xalapa, Ver.- La Fiscal\u00eda General del Estado (FGE), deber\u00e1 resolver si sanciona de manera administrativa o penal a ediles de Sayula, as\u00ed lo se\u00f1al\u00f3 el gobernador del estado Cuitl\u00e1huac Garc\u00eda Jim\u00e9nez quien a su vez hizo un llamado a la serenidad, al di\u00e1logo y cumplan todos, ediles y trabajadores con sus funciones.<\/p>\n\n\n\n<p>En conferencia de prensa dijo que no hay condiciones para que el Congreso \u00a0intervenga, esto tras la detenci\u00f3n del regidor segundo del ayuntamiento de Sayula de Alem\u00e1n, donde reconoci\u00f3 que hay otras carpetas de investigaci\u00f3n que deber\u00e1n concluirse y derivar en alguna sanci\u00f3n.<\/p>\n\n\n\n<p>&#8220;De tantas que anunciaron no s\u00e9 cu\u00e1ntas hay (carpetas de investigaci\u00f3n), pero de que las hay, las hay, como se ponen ante la Fiscal\u00eda, la Fiscal\u00eda tendr\u00e1 que proceder y determinar responsabilidades&#8221;, se\u00f1al\u00f3.<\/p>\n\n\n\n<p>&#8220;Algunas ser\u00e1n administrativas, algunas ser\u00e1n penales, en fin, eso que lo determine la Fiscal\u00eda, entiendo que por el hecho de que hay carpetas en proceso, llegar\u00e1n a alguna conclusi\u00f3n de responsabilidades&#8221;, agreg\u00f3.<\/p>\n\n\n\n<p>El Mandatario llam\u00f3 al Cabildo para que se serenen todos e insistir en el di\u00e1logo y &#8220;no hacerse eco&#8221; con grupos delictivos que buscan el control de algunas posiciones de la administraci\u00f3n municipal, &#8220;ya que le paren ah\u00ed y que act\u00faen con la \u00a0responsabilidad que les manda la Constituci\u00f3n&#8221;.<\/p>\n\n\n\n<p>Consider\u00f3 que en todo esto no s\u00f3lo hay responsabilidad de la alcaldesa Lorena S\u00e1nchez Vargas, sino de todo el Cabildo y los trabajadores que se deben a la gente.<\/p>\n\n\n\n<p>En ese sentido, indic\u00f3 que \u00a0deber\u00e1n esperar a que haya mejores condiciones en la administraci\u00f3n, mientras tanto descart\u00f3 que se pueda intervenir por parte del Congreso del Estado.<\/p>\n\n\n\n<p>&#8220;La Fiscal\u00eda seguir\u00e1 el rumbo de sus investigaciones de acuerdo a las quejas presentadas y, de acuerdo a lo presentado en el Congreso no es suficiente y en algunas cosas ellos no son competencia&#8221;, coment\u00f3.<\/p>\n\n\n\n<p>Dio a conocer que los ediles acudieron con el presidente de la Junta de Coordinaci\u00f3n Pol\u00edtica, Juan Javier G\u00f3mez Cazar\u00edn.<\/p>\n\n\n\n<p>&#8220;Ellos (los ediles) se tienen que atener a lo que la ley establece. En cuesti\u00f3n de delitos, de actos indebidos, tienen, los quejosos, acudir a la instancia, si hay un delito del fuero com\u00fan, tendr\u00e1n que acudir a la Fiscal\u00eda. La Fiscal\u00eda tendr\u00e1 que solicitar al Congreso la procedencia en contra de la alcaldesa, el s\u00edndico porque tienen fuero&#8230; si hubiese alg\u00fan acto contra la alcaldesa que reclamen&#8221;, extern\u00f3.<\/p>\n\n\n\n<p>En el caso de la detenci\u00f3n del regidor segundo, Abimael N, el mandatario confirm\u00f3 que se le detuvo con base en una orden de aprehensi\u00f3n, por lo que se est\u00e1 cuidando el debido proceso y los derechos de todos y de quienes reclamaron los presuntos delitos cometidos por el edil.<\/p>\n\n\n\n<p>Finalmente Garc\u00eda Jim\u00e9nez asegur\u00f3 que no se proteger\u00e1 a nadie, lo que quieren que se sepa es que existen las v\u00edas institucionales a las que pueden acudir para proceder contra aquellos que incurran en delitos.<\/p>\n","protected":false},"excerpt":{"rendered":"<p>Dar\u00edo Pale Xalapa, Ver.- La Fiscal\u00eda General del Estado (FGE), deber\u00e1 resolver si sanciona de manera administrativa o penal a ediles de Sayula, as\u00ed lo se\u00f1al\u00f3 el gobernador del estado Cuitl\u00e1huac Garc\u00eda Jim\u00e9nez quien a su vez hizo un llamado a la serenidad, al di\u00e1logo y cumplan todos, ediles y trabajadores con sus funciones. En [&hellip;]<\/p>\n","protected":false},"author":2476,"featured_media":35510,"comment_status":"open","ping_status":"open","sticky":false,"template":"","format":"standard","meta":{"_jetpack_memberships_contains_paid_content":false,"footnotes":""},"categories":[2],"tags":[],"class_list":["post-35628","post","type-post","status-publish","format-standard","has-post-thumbnail","hentry","category-estado"],"jetpack_featured_media_url":"https:\/\/encuentroinformativo.com.mx\/wp-content\/uploads\/2023\/01\/IMG-20230116-WA0047.jpg","jetpack_sharing_enabled":true,"jetpack_likes_enabled":true,"amp_enabled":true,"_links":{"self":[{"href":"https:\/\/encuentroinformativo.com.mx\/index.php?rest_route=\/wp\/v2\/posts\/35628","targetHints":{"allow":["GET"]}}],"collection":[{"href":"https:\/\/encuentroinformativo.com.mx\/index.php?rest_route=\/wp\/v2\/posts"}],"about":[{"href":"https:\/\/encuentroinformativo.com.mx\/index.php?rest_route=\/wp\/v2\/types\/post"}],"author":[{"embeddable":true,"href":"https:\/\/encuentroinformativo.com.mx\/index.php?rest_route=\/wp\/v2\/users\/2476"}],"replies":[{"embeddable":true,"href":"https:\/\/encuentroinformativo.com.mx\/index.php?rest_route=%2Fwp%2Fv2%2Fcomments&post=35628"}],"version-history":[{"count":1,"href":"https:\/\/encuentroinformativo.com.mx\/index.php?rest_route=\/wp\/v2\/posts\/35628\/revisions"}],"predecessor-version":[{"id":35629,"href":"https:\/\/encuentroinformativo.com.mx\/index.php?rest_route=\/wp\/v2\/posts\/35628\/revisions\/35629"}],"wp:featuredmedia":[{"embeddable":true,"href":"https:\/\/encuentroinformativo.com.mx\/index.php?rest_route=\/wp\/v2\/media\/35510"}],"wp:attachment":[{"href":"https:\/\/encuentroinformativo.com.mx\/index.php?rest_route=%2Fwp%2Fv2%2Fmedia&parent=35628"}],"wp:term":[{"taxonomy":"category","embeddable":true,"href":"https:\/\/encuentroinformativo.com.mx\/index.php?rest_route=%2Fwp%2Fv2%2Fcategories&post=35628"},{"taxonomy":"post_tag","embeddable":true,"href":"https:\/\/encuentroinformativo.com.mx\/index.php?rest_route=%2Fwp%2Fv2%2Ftags&post=35628"}],"curies":[{"name":"wp","href":"https:\/\/api.w.org\/{rel}","templated":true}]}}