{"id":35637,"date":"2023-01-18T14:30:47","date_gmt":"2023-01-18T20:30:47","guid":{"rendered":"https:\/\/encuentroinformativo.com.mx\/?p=35637"},"modified":"2023-01-18T14:30:50","modified_gmt":"2023-01-18T20:30:50","slug":"promueven-actividades-deportivas-a-favor-de-jovenes-veracruzanos","status":"publish","type":"post","link":"https:\/\/encuentroinformativo.com.mx\/?p=35637","title":{"rendered":"Promueven actividades deportivas a favor de j\u00f3venes veracruzanos"},"content":{"rendered":"\n<p><strong>Israel Garc\u00ed<\/strong>a<\/p>\n\n\n\n<p>Xalapa, Ver.- El Gobernador del Estado de Veracruz, Cuitl\u00e1huac Garc\u00eda Jim\u00e9nez, acompa\u00f1ado por el Secretario de Gobierno, Eric Cisneros; Secretario de Educaci\u00f3n en Veracruz, Zenyazen Escobar Garc\u00eda , anunci\u00f3 el gran torneo de Copa Deportiva TLACHTLI, y el Director del Instituto Veracruzano del Deporte.<\/p>\n\n\n\n<p>En conferencia de prensa, dijo que de esta manera es de alimentar el deporte a las y los j\u00f3venes, cuyas edades son de 14 a 35 a\u00f1os de edad, para que participen.<\/p>\n\n\n\n<p>Se\u00f1al\u00f3 que actividades deportivas y recreativas activan la convivencia con las familias, de generar la paz en los hogares.<\/p>\n\n\n\n<p>Adem\u00e1s de que consider\u00f3 est\u00e1s acciones contribuyen a que haya cercan\u00eda entre padres con los hijos, as\u00ed mismo tambi\u00e9n se suman los ayuntamientos.<\/p>\n\n\n\n<p>Por otra parte, el encargado de la pol\u00edtica interna en Veracruz, Erick Cisneros Burgos, inform\u00f3 del programa <strong>Orgullo Navide\u00f1o<\/strong> del a\u00f1o pasado, as\u00ed mismo dijo que para este fin de a\u00f1o 2023, se instalar\u00e1n 20 pistas de hielo.<\/p>\n","protected":false},"excerpt":{"rendered":"<p>Israel Garc\u00eda Xalapa, Ver.- El Gobernador del Estado de Veracruz, Cuitl\u00e1huac Garc\u00eda Jim\u00e9nez, acompa\u00f1ado por el Secretario de Gobierno, Eric Cisneros; Secretario de Educaci\u00f3n en Veracruz, Zenyazen Escobar Garc\u00eda , anunci\u00f3 el gran torneo de Copa Deportiva TLACHTLI, y el Director del Instituto Veracruzano del Deporte. En conferencia de prensa, dijo que de esta manera [&hellip;]<\/p>\n","protected":false},"author":2476,"featured_media":35638,"comment_status":"open","ping_status":"open","sticky":false,"template":"","format":"standard","meta":{"_jetpack_memberships_contains_paid_content":false,"footnotes":""},"categories":[2],"tags":[],"class_list":["post-35637","post","type-post","status-publish","format-standard","has-post-thumbnail","hentry","category-estado"],"jetpack_featured_media_url":"https:\/\/encuentroinformativo.com.mx\/wp-content\/uploads\/2023\/01\/IMG-20230118-WA0051.jpg","jetpack_sharing_enabled":true,"jetpack_likes_enabled":true,"amp_enabled":true,"_links":{"self":[{"href":"https:\/\/encuentroinformativo.com.mx\/index.php?rest_route=\/wp\/v2\/posts\/35637","targetHints":{"allow":["GET"]}}],"collection":[{"href":"https:\/\/encuentroinformativo.com.mx\/index.php?rest_route=\/wp\/v2\/posts"}],"about":[{"href":"https:\/\/encuentroinformativo.com.mx\/index.php?rest_route=\/wp\/v2\/types\/post"}],"author":[{"embeddable":true,"href":"https:\/\/encuentroinformativo.com.mx\/index.php?rest_route=\/wp\/v2\/users\/2476"}],"replies":[{"embeddable":true,"href":"https:\/\/encuentroinformativo.com.mx\/index.php?rest_route=%2Fwp%2Fv2%2Fcomments&post=35637"}],"version-history":[{"count":1,"href":"https:\/\/encuentroinformativo.com.mx\/index.php?rest_route=\/wp\/v2\/posts\/35637\/revisions"}],"predecessor-version":[{"id":35639,"href":"https:\/\/encuentroinformativo.com.mx\/index.php?rest_route=\/wp\/v2\/posts\/35637\/revisions\/35639"}],"wp:featuredmedia":[{"embeddable":true,"href":"https:\/\/encuentroinformativo.com.mx\/index.php?rest_route=\/wp\/v2\/media\/35638"}],"wp:attachment":[{"href":"https:\/\/encuentroinformativo.com.mx\/index.php?rest_route=%2Fwp%2Fv2%2Fmedia&parent=35637"}],"wp:term":[{"taxonomy":"category","embeddable":true,"href":"https:\/\/encuentroinformativo.com.mx\/index.php?rest_route=%2Fwp%2Fv2%2Fcategories&post=35637"},{"taxonomy":"post_tag","embeddable":true,"href":"https:\/\/encuentroinformativo.com.mx\/index.php?rest_route=%2Fwp%2Fv2%2Ftags&post=35637"}],"curies":[{"name":"wp","href":"https:\/\/api.w.org\/{rel}","templated":true}]}}