{"id":35643,"date":"2023-01-18T16:55:26","date_gmt":"2023-01-18T22:55:26","guid":{"rendered":"https:\/\/encuentroinformativo.com.mx\/?p=35643"},"modified":"2023-01-18T16:55:30","modified_gmt":"2023-01-18T22:55:30","slug":"xalapa-con-dos-solicitudes-para-matrimonios-igualitarios","status":"publish","type":"post","link":"https:\/\/encuentroinformativo.com.mx\/?p=35643","title":{"rendered":"Xalapa, con dos solicitudes para matrimonios igualitarios"},"content":{"rendered":"\n<p><strong>Dar\u00edo Pale <\/strong><\/p>\n\n\n\n<p>Xalapa, Ver.- El regidor Alfonso Marcos Garc\u00eda Castillo dio a conocer que, Xalapa tendr\u00e1 Bodas Colectivas, podr\u00e1n acudir parejas del mismo sexo, se est\u00e1 programando y se dar\u00e1 a conocer la fecha de la campa\u00f1a de bodas colectivas.<\/p>\n\n\n\n<p>En entrevista se\u00f1al\u00f3 que, &#8220;se tiene ya la propuesta para las bodas colectivas, se est\u00e1 en pl\u00e1ticas con el presidente municipal para acordar el inicio de la campa\u00f1a y posteriormente el evento simb\u00f3lico&#8221;.<\/p>\n\n\n\n<p>La campa\u00f1a va dirigida especialmente a parejas que tengan a\u00f1os de uni\u00f3n, o incluso tengan hijos, pero que falten de dar formalidad legal en cuanto a matrimonio.<\/p>\n\n\n\n<p>&#8220;El esp\u00edritu de la campa\u00f1a es para las parejas que tengan en uni\u00f3n libre m\u00e1s de 20 a\u00f1os, que sean de escasos recursos y no puedan pagar en este caso el acta de matrimonio&#8221;, se\u00f1al\u00f3.<\/p>\n\n\n\n<p>Sin embargo, no es limitativo, y pueden acercarse parejas igualitarias o del mismo sexo, con apego a garant\u00eda a los Derechos Humanos y en cumplimiento a las reformas legales, destac\u00f3.<\/p>\n\n\n\n<p>&#8220;No hay restricci\u00f3n alguna ,derivado de la reforma que se hubo el a\u00f1o pasado&#8221;, coment\u00f3.<\/p>\n\n\n\n<p>En casos tambi\u00e9n de parejas que tuvieran una uni\u00f3n menor a 20 a\u00f1os de antig\u00fcedad, pueden acercarse a la campa\u00f1a de bodas colectivas, ya sean parejas igualitarias o parejas heterosexuales.<\/p>\n\n\n\n<p>&#8220;Sin ninguna restricci\u00f3n, siempre y cuando cumplan con los requisitos que marca la p\u00e1gina oficial del Registro Civil de Xalapa&#8221;, dijo.<\/p>\n\n\n\n<p>Por el momento, aunque la campa\u00f1a de bodas colectivas no se ha aperturado, \u00fanicamente hay dos solicitudes para bodas igualitarias en la ciudad de Xalapa.<\/p>\n\n\n\n<p>Las parejas igualitarias pueden ser hombre-hombre, mujer-mujer, record\u00f3.<\/p>\n\n\n\n<p>La campa\u00f1a, enfatiz\u00f3 el edil, tiene como objetivo dar certeza jur\u00eddica a las parejas que han mantenido uni\u00f3n libre, lo cual facilita el acceso a cuestiones como atenci\u00f3n de salud, incluso a temas hereditarios.<\/p>\n\n\n\n<p>Finalmente dijo que solo queda, &#8220;invitarlos a que est\u00e9n atentos cuando la convocatoria se aperture y por supuesto presentar su documentaci\u00f3n en las oficinas del registro civil&#8221;.<\/p>\n","protected":false},"excerpt":{"rendered":"<p>Dar\u00edo Pale Xalapa, Ver.- El regidor Alfonso Marcos Garc\u00eda Castillo dio a conocer que, Xalapa tendr\u00e1 Bodas Colectivas, podr\u00e1n acudir parejas del mismo sexo, se est\u00e1 programando y se dar\u00e1 a conocer la fecha de la campa\u00f1a de bodas colectivas. En entrevista se\u00f1al\u00f3 que, &#8220;se tiene ya la propuesta para las bodas colectivas, se est\u00e1 [&hellip;]<\/p>\n","protected":false},"author":2476,"featured_media":35644,"comment_status":"open","ping_status":"open","sticky":false,"template":"","format":"standard","meta":{"_jetpack_memberships_contains_paid_content":false,"footnotes":""},"categories":[3],"tags":[],"class_list":["post-35643","post","type-post","status-publish","format-standard","has-post-thumbnail","hentry","category-xalapa"],"jetpack_featured_media_url":"https:\/\/encuentroinformativo.com.mx\/wp-content\/uploads\/2023\/01\/IMG-20230118-WA00752.jpg","jetpack_sharing_enabled":true,"jetpack_likes_enabled":true,"amp_enabled":true,"_links":{"self":[{"href":"https:\/\/encuentroinformativo.com.mx\/index.php?rest_route=\/wp\/v2\/posts\/35643","targetHints":{"allow":["GET"]}}],"collection":[{"href":"https:\/\/encuentroinformativo.com.mx\/index.php?rest_route=\/wp\/v2\/posts"}],"about":[{"href":"https:\/\/encuentroinformativo.com.mx\/index.php?rest_route=\/wp\/v2\/types\/post"}],"author":[{"embeddable":true,"href":"https:\/\/encuentroinformativo.com.mx\/index.php?rest_route=\/wp\/v2\/users\/2476"}],"replies":[{"embeddable":true,"href":"https:\/\/encuentroinformativo.com.mx\/index.php?rest_route=%2Fwp%2Fv2%2Fcomments&post=35643"}],"version-history":[{"count":1,"href":"https:\/\/encuentroinformativo.com.mx\/index.php?rest_route=\/wp\/v2\/posts\/35643\/revisions"}],"predecessor-version":[{"id":35645,"href":"https:\/\/encuentroinformativo.com.mx\/index.php?rest_route=\/wp\/v2\/posts\/35643\/revisions\/35645"}],"wp:featuredmedia":[{"embeddable":true,"href":"https:\/\/encuentroinformativo.com.mx\/index.php?rest_route=\/wp\/v2\/media\/35644"}],"wp:attachment":[{"href":"https:\/\/encuentroinformativo.com.mx\/index.php?rest_route=%2Fwp%2Fv2%2Fmedia&parent=35643"}],"wp:term":[{"taxonomy":"category","embeddable":true,"href":"https:\/\/encuentroinformativo.com.mx\/index.php?rest_route=%2Fwp%2Fv2%2Fcategories&post=35643"},{"taxonomy":"post_tag","embeddable":true,"href":"https:\/\/encuentroinformativo.com.mx\/index.php?rest_route=%2Fwp%2Fv2%2Ftags&post=35643"}],"curies":[{"name":"wp","href":"https:\/\/api.w.org\/{rel}","templated":true}]}}