{"id":35657,"date":"2023-01-19T09:42:17","date_gmt":"2023-01-19T15:42:17","guid":{"rendered":"https:\/\/encuentroinformativo.com.mx\/?p=35657"},"modified":"2023-01-19T09:42:21","modified_gmt":"2023-01-19T15:42:21","slug":"paran-labores-en-tecnologico-de-cosamaloapan-acusan-irregularidades","status":"publish","type":"post","link":"https:\/\/encuentroinformativo.com.mx\/?p=35657","title":{"rendered":"Paran labores en Tecnol\u00f3gico de Cosamaloapan, acusan irregularidades"},"content":{"rendered":"\n<p><strong>Alejandro \u00c1vila<\/strong><\/p>\n\n\n\n<p>Cosamaloapan, Ver.- A partir de este mi\u00e9rcoles se realiz\u00f3 un paro de &#8220;brazos ca\u00eddos&#8221; por parte de profesores y empleados administrativos del Instituto Tecnol\u00f3gico de Cosamaloapan, qui\u00e9nes denuncian al director por irregularidades.<\/p>\n\n\n\n<p>\u201cEl director Aldo Fred Aguirre ha cometido una serie de irregularidades, mala administraci\u00f3n, acosos laboral a algunos compa\u00f1eros ha despedido a mucha gente del \u00e1rea de confianza cosa que no se hab\u00eda dado en 18 a\u00f1os que tengo laborando en el tecnol\u00f3gico\u201d, dijo en entrevista Roberto Zamudio, docente del palntel educativo.<\/p>\n\n\n\n<p>Los quejosos expusieron que lo que deton\u00f3 la huelga fue el despido de una madre soltera el pasado viernes, la cual se sum\u00f3 a otras dos mujeres que fueron cesadas de su cargo.<\/p>\n\n\n\n<p>\u201cYa fueron denunciados ante la autoridad, ya tienen conocimiento de lo que est\u00e1 ocurriendo y estamos pidiendo la intervenci\u00f3n del Secretario de Educaci\u00f3n P\u00fablica, de Educaci\u00f3n Tecnol\u00f3gica y del Gobernador, realmente la intolerancia, la zozobra por la que estamos pasando los trabajadores, que llegue el viernes y que porque no le caes bien al se\u00f1or te diga, te vas\u201d, dijo.<\/p>\n\n\n\n<p>Jos\u00e9 Antonio Cobos, Secretario General del Sindicato de trabajadores afirm\u00f3 que la base de trabajadores decidi\u00f3 tomar acciones y manifestarse, pues tambi\u00e9n se ha identificado que est\u00e1 ingresando personal nuevo, pero son familiares del director.<\/p>\n\n\n\n<p>\u201cLa direcci\u00f3n de Educaci\u00f3n Tecnol\u00f3gica se enter\u00f3 ya de la situaci\u00f3n (\u2026) ya se sostuvo una primer pl\u00e1tica\u201d, dijo.<\/p>\n\n\n\n<p>Adem\u00e1s los trabajadores se\u00f1alaron que el director alardea tener buenas relaciones en el Gobierno del Estado, por lo que no lo cesar\u00e1n.<\/p>\n\n\n\n<p>Son 110 trabajadores los que est\u00e1n manifest\u00e1ndose en las instalaciones del Instituto Tecnol\u00f3gico de Cosamaloapan.<\/p>\n","protected":false},"excerpt":{"rendered":"<p>Alejandro \u00c1vila Cosamaloapan, Ver.- A partir de este mi\u00e9rcoles se realiz\u00f3 un paro de &#8220;brazos ca\u00eddos&#8221; por parte de profesores y empleados administrativos del Instituto Tecnol\u00f3gico de Cosamaloapan, qui\u00e9nes denuncian al director por irregularidades. \u201cEl director Aldo Fred Aguirre ha cometido una serie de irregularidades, mala administraci\u00f3n, acosos laboral a algunos compa\u00f1eros ha despedido a [&hellip;]<\/p>\n","protected":false},"author":2476,"featured_media":35658,"comment_status":"open","ping_status":"open","sticky":false,"template":"","format":"standard","meta":{"_jetpack_memberships_contains_paid_content":false,"footnotes":""},"categories":[2],"tags":[],"class_list":["post-35657","post","type-post","status-publish","format-standard","has-post-thumbnail","hentry","category-estado"],"jetpack_featured_media_url":"https:\/\/encuentroinformativo.com.mx\/wp-content\/uploads\/2023\/01\/IMG-20230119-WA00042.jpg","jetpack_sharing_enabled":true,"jetpack_likes_enabled":true,"amp_enabled":true,"_links":{"self":[{"href":"https:\/\/encuentroinformativo.com.mx\/index.php?rest_route=\/wp\/v2\/posts\/35657","targetHints":{"allow":["GET"]}}],"collection":[{"href":"https:\/\/encuentroinformativo.com.mx\/index.php?rest_route=\/wp\/v2\/posts"}],"about":[{"href":"https:\/\/encuentroinformativo.com.mx\/index.php?rest_route=\/wp\/v2\/types\/post"}],"author":[{"embeddable":true,"href":"https:\/\/encuentroinformativo.com.mx\/index.php?rest_route=\/wp\/v2\/users\/2476"}],"replies":[{"embeddable":true,"href":"https:\/\/encuentroinformativo.com.mx\/index.php?rest_route=%2Fwp%2Fv2%2Fcomments&post=35657"}],"version-history":[{"count":1,"href":"https:\/\/encuentroinformativo.com.mx\/index.php?rest_route=\/wp\/v2\/posts\/35657\/revisions"}],"predecessor-version":[{"id":35659,"href":"https:\/\/encuentroinformativo.com.mx\/index.php?rest_route=\/wp\/v2\/posts\/35657\/revisions\/35659"}],"wp:featuredmedia":[{"embeddable":true,"href":"https:\/\/encuentroinformativo.com.mx\/index.php?rest_route=\/wp\/v2\/media\/35658"}],"wp:attachment":[{"href":"https:\/\/encuentroinformativo.com.mx\/index.php?rest_route=%2Fwp%2Fv2%2Fmedia&parent=35657"}],"wp:term":[{"taxonomy":"category","embeddable":true,"href":"https:\/\/encuentroinformativo.com.mx\/index.php?rest_route=%2Fwp%2Fv2%2Fcategories&post=35657"},{"taxonomy":"post_tag","embeddable":true,"href":"https:\/\/encuentroinformativo.com.mx\/index.php?rest_route=%2Fwp%2Fv2%2Ftags&post=35657"}],"curies":[{"name":"wp","href":"https:\/\/api.w.org\/{rel}","templated":true}]}}