{"id":3566,"date":"2020-06-23T14:14:42","date_gmt":"2020-06-23T19:14:42","guid":{"rendered":"https:\/\/encuentroinformativo.com\/?p=3566"},"modified":"2020-06-23T14:14:45","modified_gmt":"2020-06-23T19:14:45","slug":"sin-mayores-afectaciones-por-sismo-en-territorio-veracruzano","status":"publish","type":"post","link":"https:\/\/encuentroinformativo.com.mx\/?p=3566","title":{"rendered":"Sin mayores afectaciones por sismo en territorio veracruzano"},"content":{"rendered":"\n<p><strong>Dar\u00edo Pale <\/strong><\/p>\n\n\n\n<p>Xalapa, Ver.- La Secretaria de Protecci\u00f3n Civil del Estado Guadalupe Osorno Maldonado inform\u00f3 que a las 10:29 horas se registr\u00f3 un fuerte temblor de 7.5 grados, seg\u00fan el \u00faltimo reporte del Servicio Meteorol\u00f3gico.<\/p>\n\n\n\n<p>En entrevista dio a conocer que el movimiento tel\u00farico se sinti\u00f3 muy fuerte en el sur del estado, pero hasta esta hora no se reportan da\u00f1os materiales ni p\u00e9rdidas humanas.<\/p>\n\n\n\n<p>Dio a conocer que el sismo tuvo su epicentro en Crucecita, Oaxaca, con percepci\u00f3n en Veracruz, y que se realiza monitoreo en todas las regiones del estado.<\/p>\n\n\n\n<p>Al sentirse el temblor, trabajadores del Palacio de Gobierno, de la Torre de la Secretar\u00eda de Seguridad P\u00fablica y otras dependencias y comercios, salieron inmediatamente de los edificios para concentrarse en lugares estimados como seguros.<\/p>\n\n\n\n<p>A las 10:50 horas se reporta la ca\u00edda o saturaci\u00f3n de las redes telef\u00f3nicas, inicialmente se report\u00f3 el corte de energ\u00eda el\u00e9ctrica en municipios del sur del estado, pero se tiene la informaci\u00f3n de que \u00e9sta ya fue restaurada.<\/p>\n\n\n\n<p>El reporte preliminar de la Secretar\u00eda de Protecci\u00f3n indica que el sismo inici\u00f3 a las 10:29 horas con una profundidad de 10 kil\u00f3metros, su magnitud fue de 7.5 grados, latitud 15.80\u00b0, latitud 15.68\u00b0, longitud -96.07\u00b0 con localizaci\u00f3n a 12 kil\u00f3metros al sureste de Crucecita, Oaxaca.<\/p>\n\n\n\n<p>El sismo tuvo una percepci\u00f3n en todo el estado, por lo que se reportan evacuaciones precautorias en algunos inmuebles oficiales y particulares en varios puntos del estado, se realiza el monitoreo correspondiente al respecto.<\/p>\n\n\n\n<p>Los enlaces regionales de la Secretar\u00eda de Protecci\u00f3n Civil realizan los recorridos en sus zonas y las verificaciones con los municipios para descartar afectaciones.<br>Al momento no se registran personas lesionadas ni afectaciones en el estado.<\/p>\n\n\n\n<p><\/p>\n","protected":false},"excerpt":{"rendered":"<p>Dar\u00edo Pale Xalapa, Ver.- La Secretaria de Protecci\u00f3n Civil del Estado Guadalupe Osorno Maldonado inform\u00f3 que a las 10:29 horas se registr\u00f3 un fuerte temblor de 7.5 grados, seg\u00fan el \u00faltimo reporte del Servicio Meteorol\u00f3gico. En entrevista dio a conocer que el movimiento tel\u00farico se sinti\u00f3 muy fuerte en el sur del estado, pero hasta [&hellip;]<\/p>\n","protected":false},"author":1,"featured_media":3567,"comment_status":"open","ping_status":"open","sticky":false,"template":"","format":"standard","meta":{"_jetpack_memberships_contains_paid_content":false,"footnotes":""},"categories":[2],"tags":[],"class_list":["post-3566","post","type-post","status-publish","format-standard","has-post-thumbnail","hentry","category-estado"],"jetpack_featured_media_url":"https:\/\/encuentroinformativo.com.mx\/wp-content\/uploads\/2020\/06\/ADD72BF4-2DBF-4147-891F-4599A7C7FBA3.jpeg","jetpack_sharing_enabled":true,"jetpack_likes_enabled":true,"amp_enabled":true,"_links":{"self":[{"href":"https:\/\/encuentroinformativo.com.mx\/index.php?rest_route=\/wp\/v2\/posts\/3566","targetHints":{"allow":["GET"]}}],"collection":[{"href":"https:\/\/encuentroinformativo.com.mx\/index.php?rest_route=\/wp\/v2\/posts"}],"about":[{"href":"https:\/\/encuentroinformativo.com.mx\/index.php?rest_route=\/wp\/v2\/types\/post"}],"author":[{"embeddable":true,"href":"https:\/\/encuentroinformativo.com.mx\/index.php?rest_route=\/wp\/v2\/users\/1"}],"replies":[{"embeddable":true,"href":"https:\/\/encuentroinformativo.com.mx\/index.php?rest_route=%2Fwp%2Fv2%2Fcomments&post=3566"}],"version-history":[{"count":1,"href":"https:\/\/encuentroinformativo.com.mx\/index.php?rest_route=\/wp\/v2\/posts\/3566\/revisions"}],"predecessor-version":[{"id":3568,"href":"https:\/\/encuentroinformativo.com.mx\/index.php?rest_route=\/wp\/v2\/posts\/3566\/revisions\/3568"}],"wp:featuredmedia":[{"embeddable":true,"href":"https:\/\/encuentroinformativo.com.mx\/index.php?rest_route=\/wp\/v2\/media\/3567"}],"wp:attachment":[{"href":"https:\/\/encuentroinformativo.com.mx\/index.php?rest_route=%2Fwp%2Fv2%2Fmedia&parent=3566"}],"wp:term":[{"taxonomy":"category","embeddable":true,"href":"https:\/\/encuentroinformativo.com.mx\/index.php?rest_route=%2Fwp%2Fv2%2Fcategories&post=3566"},{"taxonomy":"post_tag","embeddable":true,"href":"https:\/\/encuentroinformativo.com.mx\/index.php?rest_route=%2Fwp%2Fv2%2Ftags&post=3566"}],"curies":[{"name":"wp","href":"https:\/\/api.w.org\/{rel}","templated":true}]}}