{"id":35660,"date":"2023-01-19T09:48:48","date_gmt":"2023-01-19T15:48:48","guid":{"rendered":"https:\/\/encuentroinformativo.com.mx\/?p=35660"},"modified":"2023-01-19T09:48:52","modified_gmt":"2023-01-19T15:48:52","slug":"y-quienes-contra-la-gran-alianza-mcprianrd","status":"publish","type":"post","link":"https:\/\/encuentroinformativo.com.mx\/?p=35660","title":{"rendered":"\u00bfY QUI\u00c9NES CONTRA LA GRAN ALIANZA McPRIANRD?"},"content":{"rendered":"\n<p><strong>ColumnaSinNombre<br>@pablojair<\/strong><\/p>\n\n\n\n<ul class=\"wp-block-list\"><li>Veracruz no est\u00e1 en los primeros lugares de robo autotransporte.<\/li><li>Se fue la Guardia Nacional de Agua Dulce; nunca construy\u00f3 cuartel.<\/li><li>No se ven se\u00f1ales para formar un Concejo en Sayula de Alem\u00e1n.<\/li><\/ul>\n\n\n\n<p>Tristeza nivel: adi\u00f3s al nombre de Tiburones Rojos<br>\u2014Chopenjawer pambolero<\/p>\n\n\n\n<p>Es claro que hasta este d\u00eda &#8211;no se empiecen a azotar, la pol\u00edtica es de momentos y circunstancias&#8211; quien tiene las preferencias electorales para ganar la gubernatura de Veracruz es Morena con sus aliados.<\/p>\n\n\n\n<p>\u00bfY qui\u00e9nes son los mentados aliados?<\/p>\n\n\n\n<p>Uno de ellos es el Partido Verde, que en los recientes a\u00f1os ha sido acaparado por un grupo en el cual el jefe pol\u00edtico es Javier Herrera Borunda, hijo del exgobernador Fidel Herrera Beltr\u00e1n. No por nada, muchos personajes del PVEM (como la diputada federal por Tantoyuca, Maru Pinete) est\u00e1n vinculados al pol\u00e9mico exmandatario, odiado por varios, pero recordado por muchos m\u00e1s como un tipo fuera de serie.<\/p>\n\n\n\n<p>Cabe comentar que \u201cT\u00edo Fide\u201d fue en Veracruz algo as\u00ed como un L\u00f3pez Obrador ahorita en el pa\u00eds: ambos de la escuela populista Echeverrista, muy metidos en el rollo discursivo, que le gustan los ba\u00f1os de pueblo; el T\u00edo dej\u00f3 huella en Veracruz (para bien o para mal; cada quien tiene un recuerdo de \u00e9l) y se convirti\u00f3 en esos personajes tan polarizantes que o lo odias o lo am\u00e1s\u2026 como L\u00f3pez Obrador.<\/p>\n\n\n\n<p>En contra de este partido es que ah\u00ed cohabitan actores y actrices pol\u00edticas vinculadas al r\u00e9gimen Fidelista de no muy buena reputaci\u00f3n, algunos hasta se\u00f1alados de estar coludidos con la delincuencia organizada, pero de eso hay todos los partidos.<\/p>\n\n\n\n<p>M\u00e1s all\u00e1 de los resabios fidelistas de la militancia en el Verde, tambi\u00e9n hay personas que no se ven, que est\u00e1n ah\u00ed en las colonias, en los barrios, lugares a donde su presidenta estatal Eleaney Sesma est\u00e1 haciendo un gran esfuerzo y labor caminando, acerc\u00e1ndose a la gente &#8211;en todo el estado&#8211; sin hacer tanto ruido, demostrando que se trata de regresar m\u00e1s a los or\u00edgenes, de tocar a las bases, m\u00e1s all\u00e1 de los reflectores, la parafernalia, la presencia medi\u00e1tica.<\/p>\n\n\n\n<p>O sea, no todo es la c\u00fapula; tambi\u00e9n hay que salir a hacer pol\u00edtica a las calles con autenticidad y no s\u00f3lo para la foto: eso es lo que est\u00e1 haciendo Eleaney.<\/p>\n\n\n\n<p>Por otra parte, el Partido del Trabajo (el otro aliado de Morena) tiene una larga historia en Veracruz. Los de la vieja guardia se acuerdan que fue de los primeros partidos que en sus conferencias de prensa daban caf\u00e9 y pan a los reporteros all\u00e1 por los 90. Ha transitado (al igual que a nivel nacional) con una existencia que pende de un hilito muy fino, casi imperceptible; de repente ha tenido &#8220;campanazos&#8221; en alguno que otro ayuntamiento, pero en Veracruz &#8211;en general&#8211; ha tenido un papel poco relevante hasta ahora que se ha logrado instalar en un poder compartido con Morena.<\/p>\n\n\n\n<p>Su l\u00edder m\u00e1s visible es el delegado federal de los programas del Bienestar, Manuel Huerta Ladr\u00f3n de Guevara, quien es un viejo lobo de mar en esto de la pol\u00edtica, con varios a\u00f1os de experiencia. Es tambi\u00e9n conocido que es de esos &#8220;grillos&#8221; que no hace mucho revuelo (aunque ya le dio por aparecer mucho en redes sociales), siendo m\u00e1s conocida su faceta de caminar, de ir tocando terreno abajo, con un perfil bajo.<\/p>\n\n\n\n<p>De Manuel Huerta tambi\u00e9n se comenta que actualmente tiene una gran y envidiable estructura en el estado a trav\u00e9s de los llamados &#8220;Servidores de la Naci\u00f3n&#8221;, que pr\u00e1cticamente son operadores pol\u00edticos en n\u00f3mina que est\u00e1n pendientes de las necesidades de la poblaci\u00f3n, ahora beneficiadas por diversas becas, apoyos, etc., que se dan desde el gobierno federal.<\/p>\n\n\n\n<p>En los caf\u00e9s se platica que Huerta por eso tambi\u00e9n tiene su corazoncito (Cuitl\u00e1huac dixit) para buscar la gubernatura de Veracruz, aunque hay versiones en el sentido de que podr\u00eda alcanzar m\u00e1s seguramente la candidatura al Senado. Con lo que maneja por s\u00ed solo, paralelo al Gobierno de Veracruz, parece que s\u00ed le otorgar\u00edan sin problema tal posici\u00f3n.<\/p>\n\n\n\n<p>Y es aqu\u00ed donde la cosa se pone interesante porque si bien Morena est\u00e1 muy fuerte en territorio veracruzano, una divisi\u00f3n con sus aliados lo puede meter en problemas; y si no me creen, vean lo que est\u00e1 pasando en Coahuila donde dos &#8220;sacrificados&#8221; pol\u00edticos que &#8220;quieren servir al pueblo&#8221; y &#8220;no mentir, no robar, no enga\u00f1ar&#8221;, han dividido el proyecto de la Cuarta Transformeishion con riesgo de que no gane ese estado, seg\u00fan las encuestas recientes.<\/p>\n\n\n\n<p>O sea, en alg\u00fan momento los dos grupos de poder (los del Palacio de Gobierno y los de la Delegaci\u00f3n Federal, o morenistas y petistas, como le quiera llamar) tendr\u00e1n que sentarse a negociar y salir unidos para mostrar la fortaleza del proyecto 4T en 2024. No vaya a ser que luego Huerta diga &#8220;pos me lanzo solo con el PT&#8221;.<\/p>\n\n\n\n<p>En el caso de Morena, pues en Veracruz es ya muy conocido que la aspirante a la gubernatura m\u00e1s fuerte es Roc\u00edo Nahle Garc\u00eda, la secretaria de Energ\u00eda del gobierno federal, quien ha hecho toda su vida en Coatzacoalcos y es m\u00e1s veracruzana que muchos que se la pasan en el extranjero y se acuerdan de Veracruz cuando les conviene, como el caso de los Yunes de Boca del R\u00edo.<\/p>\n\n\n\n<p>No obstante, Nahle Garc\u00eda ha sido muy cauta y cuidadosa de no hablar todav\u00eda de aspiraciones o futuro pol\u00edtico, y est\u00e1 m\u00e1s concentrada m\u00e1s en ese monstruo llamado Dos Bocas, refiner\u00eda que ya deber\u00e1 empezar a producir combustible antes que se acabe el sexenio o ser\u00e1 una de los temas que la oposici\u00f3n criticar\u00e1 cuando ya est\u00e9n las campa\u00f1as.<\/p>\n\n\n\n<p>Enfocada en temas t\u00e9cnicos, la secretaria ha tenido foros importantes en Veracruz a donde la gente acude pensando que ser\u00e1 un jolgorio pol\u00edtico como en los viejos tiempos del PRI, tal como ocurri\u00f3 en la reciente visita de Ad\u00e1n Augusto L\u00f3pez, el secretario de Gobernaci\u00f3n y &#8220;corcholata&#8221; presidencial, a quien ya hasta lo ve con buenos ojos el partido Fuerza Por M\u00e9xico, que dirige el famoso &#8220;Tato&#8221; Vega Yunes.<\/p>\n\n\n\n<p>Pero la hora de dar discurso, Roc\u00edo Nahle se enfoca s\u00f3lo en hablar de su encargo, de su trabajo y da datos muy t\u00e9cnicos que la mayor\u00eda de nosotros, la &#8220;prole&#8221;, a duras penas entendemos. Insisto: ha sido muy prudente hasta para las fotos tipo &#8220;candidato&#8221;, donde levantan las manos en se\u00f1al de victoria y otras se\u00f1ales de la folcl\u00f3rica pol\u00edtica a la mexicana.<\/p>\n\n\n\n<p>Y aqu\u00ed lo sigo diciendo porque as\u00ed lo manejan la mayor\u00eda de las encuestas serias que he visto: la candidata con m\u00e1s preferencias para ganar la gubernatura es Roc\u00edo Nahle, abanderada por Morena.<\/p>\n\n\n\n<p>Tambi\u00e9n habr\u00eda que apuntarse una situaci\u00f3n rara en Morena: la presencia del diputado &#8220;Gutierritos&#8221;, quien o de plano est\u00e1 vi\u00e9ndole la cara a muchos o \u00e9stos de plano s\u00ed le creen que ser\u00e1 el abanderado del partido lopezobradorista a la gubernatura.<\/p>\n\n\n\n<p>Entre ellos destacan varios ex pri\u00edstas que han querido colarse a fuerza a Morena, pero han sido \u201cbateados\u201d; salvo el sindicato de los petroleros en Minatitl\u00e1n o el de Nanchital, comandados por Jorge Wade y Ram\u00f3n Hern\u00e1ndez Toledo, los dem\u00e1s no representan nada, pues han sido actores o actrices pol\u00edticas que han vivido en una burbuja rosa de confort desde que se instalaron en el poder, lejos de la gente y las calles; entre estos, grupos como el de la exalcaldesa de Xalapa, El\u00edzabeth Morales o las hermanas V\u00e1squez Saut, de Acayucan, hijas del exl\u00edder social Cirilo V\u00e1squez Lagunes.<\/p>\n\n\n\n<p>Eso s\u00ed, les encanta hacer arg\u00fcende en redes sociales y eventos pol\u00edticos.<\/p>\n\n\n\n<p>&#8220;Hacen mucho ruido\u201d, dir\u00eda mi cabecita de algod\u00f3n.<\/p>\n\n\n\n<p><strong>NOTA PARA PEGAR EN EL REFRI: <\/strong>En conferencia de prensa desde Palacio de Gobierno este mi\u00e9rcoles, el gobernador Cuitl\u00e1huac Garc\u00eda Jim\u00e9nez neg\u00f3 que el estado de Veracruz sea de los primeros o el primer lugar en robos al transporte p\u00fablico en las carreteras federales. De hecho, pidi\u00f3 a medios de comunicaci\u00f3n que \u201cno mientan y que digan la verdad\u201d, al mismo tiempo que explic\u00f3 con una gr\u00e1fica que en el periodo de enero a diciembre de 2022, en el Estado de M\u00e9xico hubo poco m\u00e1s de 4 mil 500 robos contabilizados y en Veracruz s\u00f3lo se registraron 111\u2026 S\u00ed, ojal\u00e1 fuesen cero, pero nada qu\u00e9 ver con lo de que son los primeros lugares, pues todav\u00eda tiene por delante en ese rubro a Puebla, Michoac\u00e1n, San Luis Potos\u00ed, Jalisco, Nuevo Le\u00f3n, Morelos y Oaxaca.<\/p>\n\n\n\n<p><strong>OTRA NOTA<\/strong>: Interesante lo que dio a conocer en pasados d\u00edas el periodista Alfredo Santiago (hermano de cumplea\u00f1os) sobre que los elementos de la Guardia Nacional se est\u00e1n retirando del municipio de Agua Dulce, que se encuentra en los l\u00edmites con el estado de Tabasco. De hecho \u2014apunta el experimentado reportero\u2014 ni siquiera estaba contemplado dicho lugar para la instalaci\u00f3n de una base\u2026 Lo anterior llama la atenci\u00f3n precisamente por la ubicaci\u00f3n geogr\u00e1fica del municipio, muy conocido paso (por carretera, r\u00edo o mar) de migrantes y todo tipo de contrabando.<\/p>\n\n\n\n<p><strong>LA \u00daLTIMA PORQUE YA HUELO A CHIVO Y URGE BA\u00d1O: <\/strong>El diputado presidente de la Junta de Coordinaci\u00f3n Pol\u00edtica del Congreso del Estado, Juan Javier G\u00f3mez Cazar\u00edn, asegur\u00f3 que aunque no hay suficientes pruebas para formar un concejo municipal en Sayula de Alem\u00e1n, se podr\u00eda intervenir la tesorer\u00eda. En entrevista con la reportera Karla M\u00e9ndez, el legislador reiter\u00f3 que el Congreso es un sitio para conciliar, no obstante, el conflicto entre ediles y la alcaldesa, ha persistido durante varios meses: \u201cSi no llegan alg\u00fan acuerdo, vamos a tener que intervenir la Tesorer\u00eda, para que haya una buena administraci\u00f3n de los recursos financieros en el municipio de Sayula de Alem\u00e1n\u201d\u2026 Cabe apuntar que hasta el momento no se ven se\u00f1ales de que vayan a instalar un Concejo Municipal, pues eso ser\u00eda darle cancha a Erasmo V\u00e1squez \u201cEl Chivo\u201d, quien lidera el grupo que quiere controlar el Ayuntamiento desplazando a la alcaldesa hasta con amenazas.<\/p>\n","protected":false},"excerpt":{"rendered":"<p>ColumnaSinNombre@pablojair Veracruz no est\u00e1 en los primeros lugares de robo autotransporte. Se fue la Guardia Nacional de Agua Dulce; nunca construy\u00f3 cuartel. No se ven se\u00f1ales para formar un Concejo en Sayula de Alem\u00e1n. Tristeza nivel: adi\u00f3s al nombre de Tiburones Rojos\u2014Chopenjawer pambolero Es claro que hasta este d\u00eda &#8211;no se empiecen a azotar, la [&hellip;]<\/p>\n","protected":false},"author":2476,"featured_media":488,"comment_status":"open","ping_status":"open","sticky":false,"template":"","format":"standard","meta":{"_jetpack_memberships_contains_paid_content":false,"footnotes":""},"categories":[11],"tags":[],"class_list":["post-35660","post","type-post","status-publish","format-standard","has-post-thumbnail","hentry","category-opinion"],"jetpack_featured_media_url":"https:\/\/encuentroinformativo.com.mx\/wp-content\/uploads\/2020\/03\/F471F608-BA1A-416B-BA7B-BCFB24F4E6D0.jpeg","jetpack_sharing_enabled":true,"jetpack_likes_enabled":true,"amp_enabled":true,"_links":{"self":[{"href":"https:\/\/encuentroinformativo.com.mx\/index.php?rest_route=\/wp\/v2\/posts\/35660","targetHints":{"allow":["GET"]}}],"collection":[{"href":"https:\/\/encuentroinformativo.com.mx\/index.php?rest_route=\/wp\/v2\/posts"}],"about":[{"href":"https:\/\/encuentroinformativo.com.mx\/index.php?rest_route=\/wp\/v2\/types\/post"}],"author":[{"embeddable":true,"href":"https:\/\/encuentroinformativo.com.mx\/index.php?rest_route=\/wp\/v2\/users\/2476"}],"replies":[{"embeddable":true,"href":"https:\/\/encuentroinformativo.com.mx\/index.php?rest_route=%2Fwp%2Fv2%2Fcomments&post=35660"}],"version-history":[{"count":1,"href":"https:\/\/encuentroinformativo.com.mx\/index.php?rest_route=\/wp\/v2\/posts\/35660\/revisions"}],"predecessor-version":[{"id":35661,"href":"https:\/\/encuentroinformativo.com.mx\/index.php?rest_route=\/wp\/v2\/posts\/35660\/revisions\/35661"}],"wp:featuredmedia":[{"embeddable":true,"href":"https:\/\/encuentroinformativo.com.mx\/index.php?rest_route=\/wp\/v2\/media\/488"}],"wp:attachment":[{"href":"https:\/\/encuentroinformativo.com.mx\/index.php?rest_route=%2Fwp%2Fv2%2Fmedia&parent=35660"}],"wp:term":[{"taxonomy":"category","embeddable":true,"href":"https:\/\/encuentroinformativo.com.mx\/index.php?rest_route=%2Fwp%2Fv2%2Fcategories&post=35660"},{"taxonomy":"post_tag","embeddable":true,"href":"https:\/\/encuentroinformativo.com.mx\/index.php?rest_route=%2Fwp%2Fv2%2Ftags&post=35660"}],"curies":[{"name":"wp","href":"https:\/\/api.w.org\/{rel}","templated":true}]}}