{"id":35662,"date":"2023-01-19T10:05:52","date_gmt":"2023-01-19T16:05:52","guid":{"rendered":"https:\/\/encuentroinformativo.com.mx\/?p=35662"},"modified":"2023-01-19T10:05:56","modified_gmt":"2023-01-19T16:05:56","slug":"julen-el-candidato","status":"publish","type":"post","link":"https:\/\/encuentroinformativo.com.mx\/?p=35662","title":{"rendered":"JULEN, EL CANDIDATO"},"content":{"rendered":"\n<p><strong>Los Pol\u00edticos\u00a0<\/strong><\/p>\n\n\n\n<p><strong>Salvador Mu\u00f1oz<\/strong><\/p>\n\n\n\n<p>La l\u00f3gica dicta que ser\u00e1n los n\u00fameros los que dictaminen en la alianza Va por M\u00e9xico, qu\u00e9 partido ha de enfilar a su candidato a la gubernatura para este 2024. Creo que hasta aqu\u00ed, nadie le pondr\u00eda un \u201cpero\u201d a la realidad pitag\u00f3rica reflejada en las urnas en los recientes procesos\u2026<\/p>\n\n\n\n<p>Ateniendo a la l\u00f3gica, supongamos que es el PAN quien lleva mano para elegir candidato a la gubernatura y s\u00f3lo quedar\u00eda repartir la unci\u00f3n para la senadur\u00eda\u2026<\/p>\n\n\n\n<p>Hasta aqu\u00ed suponemos que no hay tos, bronca o \u201cdope\u201d&#8230; suponemos.<\/p>\n\n\n\n<p>Es curioso, pero siendo el PAN el que supuestamente llevar\u00eda el pandero de la candidatura grande para el 2024 en Veracruz, es que tuerce el rabo la marrana.<\/p>\n\n\n\n<p>En este momento, el candidato natural de los azules, sin duda alguna ser\u00eda Julen Rementer\u00eda aunque el \u00fanico obst\u00e1culo que tendr\u00eda que salvar ser\u00eda el de la dirigencia estatal del partido, en manos del Yunismo.<\/p>\n\n\n\n<p>Hay quienes suponen que Fernando Yunes podr\u00eda competir para este 2024 por la Gubernatura y hay quienes ven tambi\u00e9n a Chiquiyunes en esa contienda\u2026 es decir que al menos el PAN de Veracruz ense\u00f1a tres corchos de champ\u00e1n\u2026 porque no son corcholatas&#8230;<\/p>\n\n\n\n<p>El asunto es que hasta este momento, el que tiene m\u00e1s balconeo pol\u00edtico es Julen Rementer\u00eda, cosa que poco les importa a cualquiera de los dos Yuniors; saben que su apellido tiene resonancia y a la hora en que salgan, se pondr\u00e1n al t\u00fa por t\u00fa con Julen o cualquier rival\u2026 \u00a1vamos! Para que en las encuestas que hace un a\u00f1o o casi dos manejaba Morena saliera el nombre de \u201centre los m\u00e1s conocidos\u201d el de Miguel \u00c1ngel Yunes M\u00e1rquez, no es a gratis\u2026<\/p>\n\n\n\n<p>En este escenario, \u00bfcu\u00e1l es entonces la probabilidad de que Julen Rementer\u00eda pueda ser candidato a la Gubernatura para el 2024? Pareciera que se le cierran, pero no, por dos razones\u2026<\/p>\n\n\n\n<p>1.- \u00bfA qui\u00e9n le urge m\u00e1s ser candidato a Gobernador entre los Yunes y Julen?<\/p>\n\n\n\n<p>En lo particular, creo que a Julen\u2026 a la contienda este 2024 llega casi de 64 a\u00f1os y de no ser ahora, ser\u00e1 muy dif\u00edcil esperar otros seis\u2026 podemos hablar de que est\u00e1 en su \u00faltimo tren, no as\u00ed Miguel o Fernando\u2026<\/p>\n\n\n\n<p>2.- Si nos atenemos a los n\u00fameros, pero sobre todo al Poder econ\u00f3mico, Pol\u00edtico, Judicial, Legislativo, etc\u00e9tera con que cuenta en este momento Morena, no creo que la alternancia llegue a Veracruz nuevamente, por lo que para Fernando y Miguel se podr\u00eda abrir la oportunidad para ser candidatos al Senado\u2026 no s\u00e9 si uno o los dos aunque el que pudiera tener m\u00e1s opci\u00f3n de ello ser\u00eda Chiquiyunes y Fernando en una de \u00e9sas, hasta la diputaci\u00f3n local\u2026 el asunto es que le meter\u00edan todos los kilos para llegar\u2026 imaginen a los dos Yunes, uno desde la C\u00e1mara Alta y otro desde el Congreso local en papel de Oposici\u00f3n\u2026<\/p>\n\n\n\n<p>S\u00f3lo en este escenario tendr\u00eda su oportunidad el Senador Julen de ver cristalizado su sue\u00f1o de ser candidato\u2026 ya que sea Gobernador, es otro boleto\u2026<\/p>\n","protected":false},"excerpt":{"rendered":"<p>Los Pol\u00edticos\u00a0 Salvador Mu\u00f1oz La l\u00f3gica dicta que ser\u00e1n los n\u00fameros los que dictaminen en la alianza Va por M\u00e9xico, qu\u00e9 partido ha de enfilar a su candidato a la gubernatura para este 2024. Creo que hasta aqu\u00ed, nadie le pondr\u00eda un \u201cpero\u201d a la realidad pitag\u00f3rica reflejada en las urnas en los recientes procesos\u2026 [&hellip;]<\/p>\n","protected":false},"author":2476,"featured_media":387,"comment_status":"open","ping_status":"open","sticky":false,"template":"","format":"standard","meta":{"_jetpack_memberships_contains_paid_content":false,"footnotes":""},"categories":[11],"tags":[],"class_list":["post-35662","post","type-post","status-publish","format-standard","has-post-thumbnail","hentry","category-opinion"],"jetpack_featured_media_url":"https:\/\/encuentroinformativo.com.mx\/wp-content\/uploads\/2020\/03\/7CF8A22B-2764-47BE-8F7F-38FE9E5D6A2F.jpeg","jetpack_sharing_enabled":true,"jetpack_likes_enabled":true,"amp_enabled":true,"_links":{"self":[{"href":"https:\/\/encuentroinformativo.com.mx\/index.php?rest_route=\/wp\/v2\/posts\/35662","targetHints":{"allow":["GET"]}}],"collection":[{"href":"https:\/\/encuentroinformativo.com.mx\/index.php?rest_route=\/wp\/v2\/posts"}],"about":[{"href":"https:\/\/encuentroinformativo.com.mx\/index.php?rest_route=\/wp\/v2\/types\/post"}],"author":[{"embeddable":true,"href":"https:\/\/encuentroinformativo.com.mx\/index.php?rest_route=\/wp\/v2\/users\/2476"}],"replies":[{"embeddable":true,"href":"https:\/\/encuentroinformativo.com.mx\/index.php?rest_route=%2Fwp%2Fv2%2Fcomments&post=35662"}],"version-history":[{"count":1,"href":"https:\/\/encuentroinformativo.com.mx\/index.php?rest_route=\/wp\/v2\/posts\/35662\/revisions"}],"predecessor-version":[{"id":35663,"href":"https:\/\/encuentroinformativo.com.mx\/index.php?rest_route=\/wp\/v2\/posts\/35662\/revisions\/35663"}],"wp:featuredmedia":[{"embeddable":true,"href":"https:\/\/encuentroinformativo.com.mx\/index.php?rest_route=\/wp\/v2\/media\/387"}],"wp:attachment":[{"href":"https:\/\/encuentroinformativo.com.mx\/index.php?rest_route=%2Fwp%2Fv2%2Fmedia&parent=35662"}],"wp:term":[{"taxonomy":"category","embeddable":true,"href":"https:\/\/encuentroinformativo.com.mx\/index.php?rest_route=%2Fwp%2Fv2%2Fcategories&post=35662"},{"taxonomy":"post_tag","embeddable":true,"href":"https:\/\/encuentroinformativo.com.mx\/index.php?rest_route=%2Fwp%2Fv2%2Ftags&post=35662"}],"curies":[{"name":"wp","href":"https:\/\/api.w.org\/{rel}","templated":true}]}}