{"id":35664,"date":"2023-01-19T10:22:38","date_gmt":"2023-01-19T16:22:38","guid":{"rendered":"https:\/\/encuentroinformativo.com.mx\/?p=35664"},"modified":"2023-01-19T10:22:42","modified_gmt":"2023-01-19T16:22:42","slug":"hasta-nuevo-aviso-permanecera-cerrada-oficina-de-hacienda-en-alvarado","status":"publish","type":"post","link":"https:\/\/encuentroinformativo.com.mx\/?p=35664","title":{"rendered":"Hasta nuevo aviso, permanecer\u00e1 cerrada oficina de Hacienda en Alvarado"},"content":{"rendered":"\n<p><strong>Alejandro \u00c1vila<\/strong><\/p>\n\n\n\n<p>Alvarado, Ver.- A trav\u00e9s de su cuenta oficial de Facebook &#8220;Mi Hacienda Veracruz&#8221;, la Secretar\u00eda de Finanzas y Planeaci\u00f3n (SEFIPLAN) inform\u00f3 que la oficina en el municipio de Alvarado permanecer\u00e1 cerrada a partir de este 19 de enero y hasta nuevo aviso.<\/p>\n\n\n\n<p>El titular de la oficina, Julio C\u00e9sar Ramos Mayo fue dado de baja junto con su personal m\u00e1s cercano; fuentes al interior de la dependencia estatal se\u00f1alan que ser\u00e1 investigado por diversas irregularidades administrativas y presuntos nexos con la delincuencia organizada.<\/p>\n\n\n\n<p>A trav\u00e9s de redes sociales, tras darse a conocer la noticia, decenas de alvarade\u00f1os se\u00f1alaron la presunta corrupci\u00f3n que se viv\u00eda en las oficinas de Hacienda en Alvarado; incluso, el titular fue acusado de presunto enriquecimiento il\u00edcito.<\/p>\n\n\n\n<p>La SEFIPLAN inform\u00f3 que todo tr\u00e1mite qu\u00e9 deban realizar los alvarade\u00f1os ante Hacienda, los podr\u00e1n ejecutar en las oficinas de los municipios de Tlacotalpan o Tlalixcoyan.<\/p>\n","protected":false},"excerpt":{"rendered":"<p>Alejandro \u00c1vila Alvarado, Ver.- A trav\u00e9s de su cuenta oficial de Facebook &#8220;Mi Hacienda Veracruz&#8221;, la Secretar\u00eda de Finanzas y Planeaci\u00f3n (SEFIPLAN) inform\u00f3 que la oficina en el municipio de Alvarado permanecer\u00e1 cerrada a partir de este 19 de enero y hasta nuevo aviso. El titular de la oficina, Julio C\u00e9sar Ramos Mayo fue dado [&hellip;]<\/p>\n","protected":false},"author":2476,"featured_media":35665,"comment_status":"open","ping_status":"open","sticky":false,"template":"","format":"standard","meta":{"_jetpack_memberships_contains_paid_content":false,"footnotes":""},"categories":[2],"tags":[],"class_list":["post-35664","post","type-post","status-publish","format-standard","has-post-thumbnail","hentry","category-estado"],"jetpack_featured_media_url":"https:\/\/encuentroinformativo.com.mx\/wp-content\/uploads\/2023\/01\/IMG-20230119-WA0014.jpg","jetpack_sharing_enabled":true,"jetpack_likes_enabled":true,"amp_enabled":true,"_links":{"self":[{"href":"https:\/\/encuentroinformativo.com.mx\/index.php?rest_route=\/wp\/v2\/posts\/35664","targetHints":{"allow":["GET"]}}],"collection":[{"href":"https:\/\/encuentroinformativo.com.mx\/index.php?rest_route=\/wp\/v2\/posts"}],"about":[{"href":"https:\/\/encuentroinformativo.com.mx\/index.php?rest_route=\/wp\/v2\/types\/post"}],"author":[{"embeddable":true,"href":"https:\/\/encuentroinformativo.com.mx\/index.php?rest_route=\/wp\/v2\/users\/2476"}],"replies":[{"embeddable":true,"href":"https:\/\/encuentroinformativo.com.mx\/index.php?rest_route=%2Fwp%2Fv2%2Fcomments&post=35664"}],"version-history":[{"count":1,"href":"https:\/\/encuentroinformativo.com.mx\/index.php?rest_route=\/wp\/v2\/posts\/35664\/revisions"}],"predecessor-version":[{"id":35666,"href":"https:\/\/encuentroinformativo.com.mx\/index.php?rest_route=\/wp\/v2\/posts\/35664\/revisions\/35666"}],"wp:featuredmedia":[{"embeddable":true,"href":"https:\/\/encuentroinformativo.com.mx\/index.php?rest_route=\/wp\/v2\/media\/35665"}],"wp:attachment":[{"href":"https:\/\/encuentroinformativo.com.mx\/index.php?rest_route=%2Fwp%2Fv2%2Fmedia&parent=35664"}],"wp:term":[{"taxonomy":"category","embeddable":true,"href":"https:\/\/encuentroinformativo.com.mx\/index.php?rest_route=%2Fwp%2Fv2%2Fcategories&post=35664"},{"taxonomy":"post_tag","embeddable":true,"href":"https:\/\/encuentroinformativo.com.mx\/index.php?rest_route=%2Fwp%2Fv2%2Ftags&post=35664"}],"curies":[{"name":"wp","href":"https:\/\/api.w.org\/{rel}","templated":true}]}}