{"id":35673,"date":"2023-01-19T13:01:02","date_gmt":"2023-01-19T19:01:02","guid":{"rendered":"https:\/\/encuentroinformativo.com.mx\/?p=35673"},"modified":"2023-01-19T13:01:05","modified_gmt":"2023-01-19T19:01:05","slug":"mc-da-voz-al-pueblo-asegura-dirigente","status":"publish","type":"post","link":"https:\/\/encuentroinformativo.com.mx\/?p=35673","title":{"rendered":"MC da voz al pueblo, asegura dirigente"},"content":{"rendered":"\n<p><strong>Juan Arcos <\/strong><\/p>\n\n\n\n<p>Xalapa, Ver.- El coordinador estatal de Movimiento Ciudadano (MC), Sergio Gil Rull\u00e1n, revel\u00f3 que las diputadas locales de este partido permitir\u00e1n a ciudadanas y ciudadanos que cuestionen durante las comparecencias de los organismos aut\u00f3nomos en el Congreso del Estado.<\/p>\n\n\n\n<p>En conferencia de prensa, el l\u00edder de MC en Veracruz indic\u00f3 que las legisladoras Ruth Callejas Rold\u00e1n y Maribel Ram\u00edrez Topete acordaron ceder su tiempo para que el pueblo sea quien cuestione a los titulares de los organismos aut\u00f3nomos.<\/p>\n\n\n\n<p>\u201cNuestras diputadas han decidido ceder los seis minutos que tienen para cuestionar a los funcionarios y de manera obligada utilicen las preguntas que mandan los ciudadanos\u201d, enfatiz\u00f3.<\/p>\n\n\n\n<p>Se trata del programa \u201c<em>Preg\u00fantale<\/em>\u201d que impulsa este partido pol\u00edtico, mediante el cual ser\u00e1n recibidas las preguntas ciudadanas a trav\u00e9s de redes sociales y el correo electr\u00f3nico\u00a0<a rel=\"noreferrer noopener\" href=\"mailto:veracruz@movimientociudadano.mx\" target=\"_blank\">veracruz@movimientociudadano.mx<\/a>.<\/p>\n\n\n\n<p>Gil Rull\u00e1n critic\u00f3 los hechos violentos que se han registrado en la entidad y consider\u00f3 de gran relevancia dar voz a la ciudadan\u00eda para cuestionar a las autoridades.<\/p>\n\n\n\n<p>\u201cVamos a implementar una herramienta ciudadana para que los hombres y las mujeres de Veracruz, los empresarios y las v\u00edctimas de la violencia, tengan una voz en el Congreso del Estado\u201d, insisti\u00f3.<\/p>\n\n\n\n<p>El dirigente de Movimiento Ciudadano enfatiz\u00f3 que esta herramienta ciudadana ser\u00e1 implementada en las futuras comparecencias, no solo en las que se realizar\u00e1n la siguiente semana.<\/p>\n\n\n\n<p>\u201cEn esta ocasi\u00f3n podr\u00e1n cuestionar a la fiscal\u00eda, la de protecci\u00f3n a periodistas, del IVAI, el ORFIS, vamos a darle a los ciudadanos la tribuna\u201d, enfatiz\u00f3.<\/p>\n","protected":false},"excerpt":{"rendered":"<p>Juan Arcos Xalapa, Ver.- El coordinador estatal de Movimiento Ciudadano (MC), Sergio Gil Rull\u00e1n, revel\u00f3 que las diputadas locales de este partido permitir\u00e1n a ciudadanas y ciudadanos que cuestionen durante las comparecencias de los organismos aut\u00f3nomos en el Congreso del Estado. En conferencia de prensa, el l\u00edder de MC en Veracruz indic\u00f3 que las legisladoras [&hellip;]<\/p>\n","protected":false},"author":2476,"featured_media":35674,"comment_status":"open","ping_status":"open","sticky":false,"template":"","format":"standard","meta":{"_jetpack_memberships_contains_paid_content":false,"footnotes":""},"categories":[2],"tags":[],"class_list":["post-35673","post","type-post","status-publish","format-standard","has-post-thumbnail","hentry","category-estado"],"jetpack_featured_media_url":"https:\/\/encuentroinformativo.com.mx\/wp-content\/uploads\/2023\/01\/IMG_9859.jpg","jetpack_sharing_enabled":true,"jetpack_likes_enabled":true,"amp_enabled":true,"_links":{"self":[{"href":"https:\/\/encuentroinformativo.com.mx\/index.php?rest_route=\/wp\/v2\/posts\/35673","targetHints":{"allow":["GET"]}}],"collection":[{"href":"https:\/\/encuentroinformativo.com.mx\/index.php?rest_route=\/wp\/v2\/posts"}],"about":[{"href":"https:\/\/encuentroinformativo.com.mx\/index.php?rest_route=\/wp\/v2\/types\/post"}],"author":[{"embeddable":true,"href":"https:\/\/encuentroinformativo.com.mx\/index.php?rest_route=\/wp\/v2\/users\/2476"}],"replies":[{"embeddable":true,"href":"https:\/\/encuentroinformativo.com.mx\/index.php?rest_route=%2Fwp%2Fv2%2Fcomments&post=35673"}],"version-history":[{"count":1,"href":"https:\/\/encuentroinformativo.com.mx\/index.php?rest_route=\/wp\/v2\/posts\/35673\/revisions"}],"predecessor-version":[{"id":35675,"href":"https:\/\/encuentroinformativo.com.mx\/index.php?rest_route=\/wp\/v2\/posts\/35673\/revisions\/35675"}],"wp:featuredmedia":[{"embeddable":true,"href":"https:\/\/encuentroinformativo.com.mx\/index.php?rest_route=\/wp\/v2\/media\/35674"}],"wp:attachment":[{"href":"https:\/\/encuentroinformativo.com.mx\/index.php?rest_route=%2Fwp%2Fv2%2Fmedia&parent=35673"}],"wp:term":[{"taxonomy":"category","embeddable":true,"href":"https:\/\/encuentroinformativo.com.mx\/index.php?rest_route=%2Fwp%2Fv2%2Fcategories&post=35673"},{"taxonomy":"post_tag","embeddable":true,"href":"https:\/\/encuentroinformativo.com.mx\/index.php?rest_route=%2Fwp%2Fv2%2Ftags&post=35673"}],"curies":[{"name":"wp","href":"https:\/\/api.w.org\/{rel}","templated":true}]}}