{"id":35687,"date":"2023-01-19T21:03:06","date_gmt":"2023-01-20T03:03:06","guid":{"rendered":"https:\/\/encuentroinformativo.com.mx\/?p=35687"},"modified":"2023-01-19T21:03:10","modified_gmt":"2023-01-20T03:03:10","slug":"representantes-de-partidos-piden-modificar-horario-de-sesiones-del-ople","status":"publish","type":"post","link":"https:\/\/encuentroinformativo.com.mx\/?p=35687","title":{"rendered":"Representantes de partidos piden modificar horario de sesiones del OPLE"},"content":{"rendered":"\n<p><strong>Dar\u00edo Pale <\/strong><\/p>\n\n\n\n<p>Xalapa, Ver.- Los representantes de los partidos pol\u00edticos no quieren sesionar a la hora de la comida por lo que solicitaron adecuar la hora de las sesiones en el calendario del 2023, as\u00ed lo se\u00f1alaron durante la sesi\u00f3n ordinaria del consejo general del Organismo P\u00fablico Local Electoral (OPLE).<\/p>\n\n\n\n<p>Durante sus intervenciones en la sesi\u00f3n solicitaron que se convoquen por la ma\u00f1ana, \u00a0pues el horario que se est\u00e1 usando en \u00faltimas fechas les complica su asistencia.<\/p>\n\n\n\n<p>Plantearon que en el horario de comida es complejo, incluso, si los representantes de los partidos pol\u00edticos tienen actividades en sus institutos, &#8220;les parten el d\u00eda&#8221;, y se genera un gasto adicional al tener que dotar de bocadillos para los integrantes del Consejo.<\/p>\n\n\n\n<p>Fijaron su postura los representantes de los partidos Verde, PRI, Movimiento Ciudadano, Fuerza por M\u00e9xico y PRD que pidieron no intentar aplicar la \u201caburridora\u201d, incluso, el consejero Quint\u00edn Doverganes Escand\u00f3n pidi\u00f3 tomar en cuenta la petici\u00f3n de los partidos.<\/p>\n\n\n\n<p>Al hacer uso de la voz, Dovarganes Escand\u00f3n hizo menci\u00f3n que en el calendario no se especifica la hora de las sesiones, sin embargo, consider\u00f3 oportuno puntualizar que \u00e9stas se van a realizar antes del mediod\u00eda.<\/p>\n\n\n\n<p>De esa manera, se podr\u00eda garantizar el derecho a los alimentos de los representantes y consejeros y realizar la funci\u00f3n electoral.<\/p>\n\n\n\n<p>Finalmente en la misma sesi\u00f3n se vot\u00f3 el informe del gasto del \u00faltimo trimestre del 2022, que fue aprobado por mayor\u00eda de los consejeros electorales del OPLE.<\/p>\n\n\n\n<figure class=\"wp-block-image size-large\"><img loading=\"lazy\" decoding=\"async\" width=\"1024\" height=\"682\" src=\"https:\/\/encuentroinformativo.com.mx\/wp-content\/uploads\/2023\/01\/IMG-20230119-WA00852-1024x682.jpg\" alt=\"\" class=\"wp-image-35689\" srcset=\"https:\/\/encuentroinformativo.com.mx\/wp-content\/uploads\/2023\/01\/IMG-20230119-WA00852-1024x682.jpg 1024w, https:\/\/encuentroinformativo.com.mx\/wp-content\/uploads\/2023\/01\/IMG-20230119-WA00852-300x200.jpg 300w, https:\/\/encuentroinformativo.com.mx\/wp-content\/uploads\/2023\/01\/IMG-20230119-WA00852-768x512.jpg 768w, https:\/\/encuentroinformativo.com.mx\/wp-content\/uploads\/2023\/01\/IMG-20230119-WA00852.jpg 1280w\" sizes=\"auto, (max-width: 1024px) 100vw, 1024px\" \/><\/figure>\n","protected":false},"excerpt":{"rendered":"<p>Dar\u00edo Pale Xalapa, Ver.- Los representantes de los partidos pol\u00edticos no quieren sesionar a la hora de la comida por lo que solicitaron adecuar la hora de las sesiones en el calendario del 2023, as\u00ed lo se\u00f1alaron durante la sesi\u00f3n ordinaria del consejo general del Organismo P\u00fablico Local Electoral (OPLE). Durante sus intervenciones en la [&hellip;]<\/p>\n","protected":false},"author":2476,"featured_media":35688,"comment_status":"open","ping_status":"open","sticky":false,"template":"","format":"standard","meta":{"_jetpack_memberships_contains_paid_content":false,"footnotes":""},"categories":[2],"tags":[],"class_list":["post-35687","post","type-post","status-publish","format-standard","has-post-thumbnail","hentry","category-estado"],"jetpack_featured_media_url":"https:\/\/encuentroinformativo.com.mx\/wp-content\/uploads\/2023\/01\/IMG-20230119-WA00902.jpg","jetpack_sharing_enabled":true,"jetpack_likes_enabled":true,"amp_enabled":true,"_links":{"self":[{"href":"https:\/\/encuentroinformativo.com.mx\/index.php?rest_route=\/wp\/v2\/posts\/35687","targetHints":{"allow":["GET"]}}],"collection":[{"href":"https:\/\/encuentroinformativo.com.mx\/index.php?rest_route=\/wp\/v2\/posts"}],"about":[{"href":"https:\/\/encuentroinformativo.com.mx\/index.php?rest_route=\/wp\/v2\/types\/post"}],"author":[{"embeddable":true,"href":"https:\/\/encuentroinformativo.com.mx\/index.php?rest_route=\/wp\/v2\/users\/2476"}],"replies":[{"embeddable":true,"href":"https:\/\/encuentroinformativo.com.mx\/index.php?rest_route=%2Fwp%2Fv2%2Fcomments&post=35687"}],"version-history":[{"count":1,"href":"https:\/\/encuentroinformativo.com.mx\/index.php?rest_route=\/wp\/v2\/posts\/35687\/revisions"}],"predecessor-version":[{"id":35690,"href":"https:\/\/encuentroinformativo.com.mx\/index.php?rest_route=\/wp\/v2\/posts\/35687\/revisions\/35690"}],"wp:featuredmedia":[{"embeddable":true,"href":"https:\/\/encuentroinformativo.com.mx\/index.php?rest_route=\/wp\/v2\/media\/35688"}],"wp:attachment":[{"href":"https:\/\/encuentroinformativo.com.mx\/index.php?rest_route=%2Fwp%2Fv2%2Fmedia&parent=35687"}],"wp:term":[{"taxonomy":"category","embeddable":true,"href":"https:\/\/encuentroinformativo.com.mx\/index.php?rest_route=%2Fwp%2Fv2%2Fcategories&post=35687"},{"taxonomy":"post_tag","embeddable":true,"href":"https:\/\/encuentroinformativo.com.mx\/index.php?rest_route=%2Fwp%2Fv2%2Ftags&post=35687"}],"curies":[{"name":"wp","href":"https:\/\/api.w.org\/{rel}","templated":true}]}}