{"id":35691,"date":"2023-01-19T21:10:55","date_gmt":"2023-01-20T03:10:55","guid":{"rendered":"https:\/\/encuentroinformativo.com.mx\/?p=35691"},"modified":"2023-01-19T21:10:58","modified_gmt":"2023-01-20T03:10:58","slug":"toma-protesta-gobernador-a-consejo-de-administracion-del-aquarium","status":"publish","type":"post","link":"https:\/\/encuentroinformativo.com.mx\/?p=35691","title":{"rendered":"Toma protesta Gobernador a Consejo de Administraci\u00f3n del Aquarium"},"content":{"rendered":"\n<p>Veracruz, Ver.<strong>&#8211;<\/strong>\u00a0En su papel de presidente del organismo, el gobernador Cuitl\u00e1huac Garc\u00eda Jim\u00e9nez aprob\u00f3 y tom\u00f3 protesta de los integrantes del Consejo de Administraci\u00f3n del Aquarium del Puerto de Veracruz.<\/p>\n\n\n\n<p>Dicha instancia est\u00e1 conformada por ocho vocales, los titulares de las secretar\u00edas de Finanzas y Planeaci\u00f3n, Jos\u00e9 Luis Lima Franco; Educaci\u00f3n, Zenyazen Escobar Garc\u00eda; Desarrollo Econ\u00f3mico y Portuario, Enrique Nach\u00f3n Garc\u00eda; Medio Ambiente, Juan Carlos Contreras Bautista y Turismo y Cultura, Iv\u00e1n Mart\u00ednez Olvera.<\/p>\n\n\n\n<p>Adem\u00e1s, forman parte, la contralora general del Estado, Mercedes Santoyo Dom\u00ednguez, el procurador de Protecci\u00f3n al Medio Ambiente, Sergio Rodr\u00edguez Cort\u00e9s y el director del Consejo Veracruzano de Investigaci\u00f3n Cient\u00edfica y Desarrollo Tecnol\u00f3gico, Darwin Mayorga Cruz.<\/p>\n\n\n\n<p>Mientras que, los municipios son representados por los titulares de las presidencias municipales de Boca del R\u00edo, Juan Manuel de Un\u00e1nue y Veracruz, Patricia Lobeira Rodr\u00edguez.<\/p>\n\n\n\n<p>Por las asociaciones, sociedades o entes de car\u00e1cter privado, cinco vocales: los presidentes del Consejo Directivo de la Asociaci\u00f3n de Hoteles y Moteles de la zona conurbada Veracruz-Boca del R\u00edo, Santiago Caram\u00e9s Chaparro; del Consejo Directivo de la C\u00e1mara Nacional de Comercios, Servicio y Turismo de Veracruz, Edi Alberto Mart\u00ednez Tejeda.<\/p>\n\n\n\n<p>Tambi\u00e9n de la C\u00e1mara Nacional de la Industria Restaurantera y de Alimentos y Condimentos de la zona conurbada, Marcel Van Eyck; del Consejo Metropolitano de Turismo, Sergio Lois Heredia y del Consejo Coordinador Empresarial Veracruz-Boca del R\u00edo, Luis Exsome Zapata.<\/p>\n\n\n\n<p>Con base a la Gaceta Oficial del Estado publicada el pasado 12 de enero, los integrantes del Consejo son de car\u00e1cter honor\u00edfico, por lo que no percibir\u00e1n salario, sueldo o gratificaci\u00f3n econ\u00f3mica alguna por su desempe\u00f1o y su funci\u00f3n durar\u00e1 por el tiempo que permanezcan en la titularidad de su encargo.<\/p>\n\n\n\n<p>Al respecto, el procurador de Protecci\u00f3n al Medio Ambiente, Sergio Rodr\u00edguez Cort\u00e9s, record\u00f3 que desde el 20 de diciembre el Aquarium fue adicionado oficialmente a la dependencia que dirige como resultado de las gestiones realizadas por el Gobierno del Estado.<\/p>\n","protected":false},"excerpt":{"rendered":"<p>Veracruz, Ver.&#8211;\u00a0En su papel de presidente del organismo, el gobernador Cuitl\u00e1huac Garc\u00eda Jim\u00e9nez aprob\u00f3 y tom\u00f3 protesta de los integrantes del Consejo de Administraci\u00f3n del Aquarium del Puerto de Veracruz. Dicha instancia est\u00e1 conformada por ocho vocales, los titulares de las secretar\u00edas de Finanzas y Planeaci\u00f3n, Jos\u00e9 Luis Lima Franco; Educaci\u00f3n, Zenyazen Escobar Garc\u00eda; Desarrollo [&hellip;]<\/p>\n","protected":false},"author":2476,"featured_media":35692,"comment_status":"open","ping_status":"open","sticky":false,"template":"","format":"standard","meta":{"_jetpack_memberships_contains_paid_content":false,"footnotes":""},"categories":[2],"tags":[],"class_list":["post-35691","post","type-post","status-publish","format-standard","has-post-thumbnail","hentry","category-estado"],"jetpack_featured_media_url":"https:\/\/encuentroinformativo.com.mx\/wp-content\/uploads\/2023\/01\/IMG_20230119_210801_1080_x_1080_pixel2.jpg","jetpack_sharing_enabled":true,"jetpack_likes_enabled":true,"amp_enabled":true,"_links":{"self":[{"href":"https:\/\/encuentroinformativo.com.mx\/index.php?rest_route=\/wp\/v2\/posts\/35691","targetHints":{"allow":["GET"]}}],"collection":[{"href":"https:\/\/encuentroinformativo.com.mx\/index.php?rest_route=\/wp\/v2\/posts"}],"about":[{"href":"https:\/\/encuentroinformativo.com.mx\/index.php?rest_route=\/wp\/v2\/types\/post"}],"author":[{"embeddable":true,"href":"https:\/\/encuentroinformativo.com.mx\/index.php?rest_route=\/wp\/v2\/users\/2476"}],"replies":[{"embeddable":true,"href":"https:\/\/encuentroinformativo.com.mx\/index.php?rest_route=%2Fwp%2Fv2%2Fcomments&post=35691"}],"version-history":[{"count":1,"href":"https:\/\/encuentroinformativo.com.mx\/index.php?rest_route=\/wp\/v2\/posts\/35691\/revisions"}],"predecessor-version":[{"id":35693,"href":"https:\/\/encuentroinformativo.com.mx\/index.php?rest_route=\/wp\/v2\/posts\/35691\/revisions\/35693"}],"wp:featuredmedia":[{"embeddable":true,"href":"https:\/\/encuentroinformativo.com.mx\/index.php?rest_route=\/wp\/v2\/media\/35692"}],"wp:attachment":[{"href":"https:\/\/encuentroinformativo.com.mx\/index.php?rest_route=%2Fwp%2Fv2%2Fmedia&parent=35691"}],"wp:term":[{"taxonomy":"category","embeddable":true,"href":"https:\/\/encuentroinformativo.com.mx\/index.php?rest_route=%2Fwp%2Fv2%2Fcategories&post=35691"},{"taxonomy":"post_tag","embeddable":true,"href":"https:\/\/encuentroinformativo.com.mx\/index.php?rest_route=%2Fwp%2Fv2%2Ftags&post=35691"}],"curies":[{"name":"wp","href":"https:\/\/api.w.org\/{rel}","templated":true}]}}