{"id":35698,"date":"2023-01-20T08:44:34","date_gmt":"2023-01-20T14:44:34","guid":{"rendered":"https:\/\/encuentroinformativo.com.mx\/?p=35698"},"modified":"2023-01-20T08:44:38","modified_gmt":"2023-01-20T14:44:38","slug":"diputados-salados","status":"publish","type":"post","link":"https:\/\/encuentroinformativo.com.mx\/?p=35698","title":{"rendered":"DIPUTADOS \u201cSALADOS\u201d!"},"content":{"rendered":"\n<p><strong>Los Pol\u00edticos\u00a0<\/strong><\/p>\n\n\n\n<p><strong>Salvador Mu\u00f1oz<\/strong><\/p>\n\n\n\n<p>Algunos diputados de Morena y uno que otro de la oposici\u00f3n, en la pasada sesi\u00f3n legislativa, me llevaron de golpe a mis a\u00f1os de secundaria, tan as\u00ed que clarito escuchaba la voz de batalla de alguno de mis compa\u00f1eros: \u201c\u00a1V\u00e1monos de salados!\u201d<\/p>\n\n\n\n<p>\u201cSalarse\u201d era la decisi\u00f3n de un grupo o una pareja de alumnos para dejar las clases o la escuela, para irse a jugar o echar novio\u2026 El asunto era salir de la secundaria.<\/p>\n\n\n\n<p>\u00bfPor qu\u00e9 \u201csalarse\u201d? No tengo la remota idea, pero me suena a salirse y si aplicamos el imperativo en segunda persona, \u00a1Sal! quiz\u00e1s haya un juego de palabras, un c\u00f3digo, el mensaje encriptado\u2026<\/p>\n\n\n\n<p>(Por cierto, preguntaba el diputado Genaro Ib\u00e1\u00f1ez Mart\u00ednez a Jes\u00fas Escamiroza, Eliseo Tejeda, Guillermo N\u00fa\u00f1ez y el que escribe, por qu\u00e9 el t\u00e9rmino \u201cChayoteros\u201d con que a veces se dirigen a la prensa\u2026 promet\u00ed buscarlo y me encontr\u00e9 esto: Se cuenta que durante un viaje de Luis Echeverr\u00eda por el estado de Veracruz, uno de los jefes de prensa empez\u00f3 a llamar a cada uno de los periodistas para darles un apoyo independiente del sueldo que recib\u00edan en sus medios. La expresi\u00f3n que solt\u00f3 ese jefe de prensa para llamarlos fue &#8220;vamos a ver c\u00f3mo se riegan los chayotes&#8221;. Ya con el nombre del Presidente, uno calcula que la frase se populariz\u00f3 en los 70 pero la pr\u00e1ctica no se inici\u00f3 all\u00ed\u2026 recordemos los \u201cca\u00f1onazos\u201d de \u00c1lvaro Obreg\u00f3n\u2026 ahora, creo que la mejor recomendaci\u00f3n para entender esta pr\u00e1ctica, est\u00e1 en la lectura de \u201cEl vendedor de Silencio\u201d, que habla del periodista Carlos Denegri\u2026 servido, diputado)<\/p>\n\n\n\n<p>Bueno, cuando los diputados de Morena y uno que otro de la Oposici\u00f3n \u201cse salaron\u201d de la Sesi\u00f3n legislativa del pasado mi\u00e9rcoles, no s\u00f3lo me recordaron mis a\u00f1os mozos, sino tambi\u00e9n que el Jucopo Juan Javier G\u00f3mez Cazar\u00edn, a principios de diciembre del 2022, present\u00f3 una iniciativa con la intenci\u00f3n de reformar algunos art\u00edculos de la Ley Org\u00e1nica as\u00ed como su reglamento para el Gobierno interno del Poder Legislativo que consist\u00eda, en pocas palabras, en sancionar a los diputados \u201cfaltistas\u201d. Esto se motiv\u00f3 despu\u00e9s de que se viera notable la ausencia de los legisladores durante las comparecencias de los miembros del Gabinete.<\/p>\n\n\n\n<p>A ciencia cierta no s\u00e9 si tambi\u00e9n contemple la asistencia total, porque la queja que se dio durante esas comparecencias, era que los Diputados s\u00f3lo llegaban a hacer sus preguntas y luego se marchaban tras su participaci\u00f3n.<\/p>\n\n\n\n<p>Ahora, tambi\u00e9n desconozco si la iniciativa de Cazar\u00edn tiene previsto evitar que los diputados \u201cse salen\u201d durante las sesiones legislativas, porque igual a mi juicio, falta el que est\u00e1 ausente como tambi\u00e9n falta el que se retira antes de la conclusi\u00f3n de la Sesi\u00f3n legislativa.<\/p>\n\n\n\n<p>Claro que la \u201csalada\u201d de los diputados de Morena, al menos en esta ocasi\u00f3n reciente, se motiv\u00f3 por el posicionamiento que pretend\u00eda hacer la legisladora del PAN por la inseguridad que reina y que se palp\u00f3 con tanta fuerza a finales como a principios de a\u00f1o en nuestra entidad\u2026 la intenci\u00f3n de la ausencia de los morenos era generar falta de Quorum, es decir, que no hubiera el n\u00famero de diputados suficiente para hacer efectiva la sesi\u00f3n.<\/p>\n\n\n\n<p>Se insiste\u2026 de los morenos se entiende, porque Vero Pulido les iba a restregar en su cara una realidad que a veces casi siempre, no le gusta ver al partido en el Poder\u2026 pero expliquenme la ausencia de algunos diputados de Oposici\u00f3n, \u00a1vamos! del mismo partido de Vero Pulido que tambi\u00e9n se pintaron de colores\u2026<\/p>\n\n\n\n<p>As\u00ed que a lo mejor la iniciativa de Cazar\u00edn nom\u00e1s no pase y si pasa, no tendr\u00e1 caso si al final no se obliga a los diputados a permanecer de principio a fin, en las sesiones legislativas\u2026 En lo particular, creo que las Mayor\u00edas del partido que sean, han de mantener la pr\u00e1ctica de&nbsp; reventar sesiones legislativas y por ende, seguiremos con un Poder legislativo con diputados faltistas\u2026 \u00a1y salados!<\/p>\n","protected":false},"excerpt":{"rendered":"<p>Los Pol\u00edticos\u00a0 Salvador Mu\u00f1oz Algunos diputados de Morena y uno que otro de la oposici\u00f3n, en la pasada sesi\u00f3n legislativa, me llevaron de golpe a mis a\u00f1os de secundaria, tan as\u00ed que clarito escuchaba la voz de batalla de alguno de mis compa\u00f1eros: \u201c\u00a1V\u00e1monos de salados!\u201d \u201cSalarse\u201d era la decisi\u00f3n de un grupo o una [&hellip;]<\/p>\n","protected":false},"author":2476,"featured_media":387,"comment_status":"open","ping_status":"open","sticky":false,"template":"","format":"standard","meta":{"_jetpack_memberships_contains_paid_content":false,"footnotes":""},"categories":[11],"tags":[],"class_list":["post-35698","post","type-post","status-publish","format-standard","has-post-thumbnail","hentry","category-opinion"],"jetpack_featured_media_url":"https:\/\/encuentroinformativo.com.mx\/wp-content\/uploads\/2020\/03\/7CF8A22B-2764-47BE-8F7F-38FE9E5D6A2F.jpeg","jetpack_sharing_enabled":true,"jetpack_likes_enabled":true,"amp_enabled":true,"_links":{"self":[{"href":"https:\/\/encuentroinformativo.com.mx\/index.php?rest_route=\/wp\/v2\/posts\/35698","targetHints":{"allow":["GET"]}}],"collection":[{"href":"https:\/\/encuentroinformativo.com.mx\/index.php?rest_route=\/wp\/v2\/posts"}],"about":[{"href":"https:\/\/encuentroinformativo.com.mx\/index.php?rest_route=\/wp\/v2\/types\/post"}],"author":[{"embeddable":true,"href":"https:\/\/encuentroinformativo.com.mx\/index.php?rest_route=\/wp\/v2\/users\/2476"}],"replies":[{"embeddable":true,"href":"https:\/\/encuentroinformativo.com.mx\/index.php?rest_route=%2Fwp%2Fv2%2Fcomments&post=35698"}],"version-history":[{"count":1,"href":"https:\/\/encuentroinformativo.com.mx\/index.php?rest_route=\/wp\/v2\/posts\/35698\/revisions"}],"predecessor-version":[{"id":35699,"href":"https:\/\/encuentroinformativo.com.mx\/index.php?rest_route=\/wp\/v2\/posts\/35698\/revisions\/35699"}],"wp:featuredmedia":[{"embeddable":true,"href":"https:\/\/encuentroinformativo.com.mx\/index.php?rest_route=\/wp\/v2\/media\/387"}],"wp:attachment":[{"href":"https:\/\/encuentroinformativo.com.mx\/index.php?rest_route=%2Fwp%2Fv2%2Fmedia&parent=35698"}],"wp:term":[{"taxonomy":"category","embeddable":true,"href":"https:\/\/encuentroinformativo.com.mx\/index.php?rest_route=%2Fwp%2Fv2%2Fcategories&post=35698"},{"taxonomy":"post_tag","embeddable":true,"href":"https:\/\/encuentroinformativo.com.mx\/index.php?rest_route=%2Fwp%2Fv2%2Ftags&post=35698"}],"curies":[{"name":"wp","href":"https:\/\/api.w.org\/{rel}","templated":true}]}}