{"id":35712,"date":"2023-01-20T11:47:34","date_gmt":"2023-01-20T17:47:34","guid":{"rendered":"https:\/\/encuentroinformativo.com.mx\/?p=35712"},"modified":"2023-01-20T11:47:37","modified_gmt":"2023-01-20T17:47:37","slug":"y-el-pollo-se-quedo-carnaval-cambio-para-bien-las-reglas","status":"publish","type":"post","link":"https:\/\/encuentroinformativo.com.mx\/?p=35712","title":{"rendered":"Y \u201cEL POLLO\u201d SE QUED\u00d3; CARNAVAL CAMBI\u00d3 (PARA BIEN) LAS REGLAS"},"content":{"rendered":"\n<p><strong>ColumnaSinNombre\u2026 PeroRapidita<\/strong><\/p>\n\n\n\n<p><strong>@pablojair<\/strong><\/p>\n\n\n\n<p>Desde muy temprano por la ma\u00f1ana, el rumor este jueves era que hab\u00eda conflictos entre el Ayuntamiento de Veracruz y el Comit\u00e9 del Carnaval; que derivado de esto saldr\u00eda de la Presidencia de dicho Comit\u00e9 el conocido y muy querido empresario y pol\u00edtico Luis Antonio P\u00e9rez Fraga \u201cEl Pollo\u201d; en su lugar llegar\u00eda Karen Collado, identificada como prima y operadora financiera del clan Yunes de Boca del R\u00edo.<\/p>\n\n\n\n<p>Lo anterior, seg\u00fan el rumor en el puerto jarocho, eran por conflictos iniciados por el presidente del DIF, el \u201cprimer damo\u201d Miguel \u00c1ngel Yunes M\u00e1rquez, quien mete su cuchara en todo como si fuese el alcalde. (Esto ha generado otros problemas, que se comentar\u00e1n en alguna otra columna)<\/p>\n\n\n\n<p>Pero vaya que \u201cEl Pollo\u201d no fue tocado y lo respaldaron hasta por los propios aliados de los Yunes; de ese nivel es su peso.<\/p>\n\n\n\n<p>Finalmente todo fue rumores y chismes, de esos que casi no se dan en el puerto jarocho.<\/p>\n\n\n\n<p>P\u00e9rez Fraga seguir\u00e1 siendo presidente del Comit\u00e9 del Carnaval y hasta se anunciaron nuevas reglas luego del fallido experimento con la participaci\u00f3n de \u201cinfluencers\u201d en la fiesta m\u00e1s emblem\u00e1tica del puerto y que result\u00f3 un desastre en la edici\u00f3n pasada, al grado de que la \u201creina\u201d (una celebridad de internet conocida como Yeri Mua) renunci\u00f3 a la corona porque no se le cumpl\u00edan sus deseos.<\/p>\n\n\n\n<p>Ahora la reina ser\u00e1 elegida a trav\u00e9s de un jurado (ser\u00e1 evaluada por carisma, conocimientos e inteligencia, lo que sin duda volver\u00e1 a ponerle prestigio a la fiesta) y no con la modalidad de a ver qui\u00e9n junta m\u00e1s dinero, algo que desde hace a\u00f1os se ha prestado para que hasta la delincuencia organizada se meta a la fiesta carnestolenda, inyectando sumas millonarias en una franca competencia desleal, pero adem\u00e1s con el riesgo de que la mafia se apoderara de lo redituable que es el Carnaval.<\/p>\n\n\n\n<p>Pero no s\u00f3lo se trata de alejar a la delincuencia organizada de la fiesta del Carnaval, es devolverle su autenticidad como fiesta de pueblo, familiar, de alegr\u00eda y baile que tiene la candela jarocha. La sociedad del puerto es m\u00e1s que un grupito de divas virtuales que viven en un mundo irreal o de una pandilla de adictos que se se creen \u201ccosa nostra\u201d de petatiux, y que solo sirven para dar ejemplos nefastos que denigran y hacen que etiqueten a los veracruzanos<\/p>\n\n\n\n<p>Y s\u00ed, el Carnaval es tetas, nalgas, \u201ctuper\u00eda\u201d en alta \u2014tampoco es para andar de mojigatos\u2014 pero tambi\u00e9n hay un lado familiar que no debe perderse y mucho menos por los caprichos de jovencitos rid\u00edculos que les encanta el esc\u00e1ndalo y hacerse las v\u00edctimas en redes sociales.<\/p>\n\n\n\n<p>Una cosa es adaptarse a las condiciones en que la sociedad evoluciona, y otra muy diferente dejar que dos o tres personas que viven de lo que les genera de ganancia que los vean en sus transmisiones, quieran aprovecharse de estos festejos para incrementar sus seguidores, sin aportar nada a la fiesta, dado que carecen de un m\u00ednimo de conocimiento cultural y tradicional del festejo; para ellos s\u00f3lo es transmitir y que los vean para acrecentar sus ganancias econ\u00f3micas.<\/p>\n\n\n\n<p>Tomemos como referencia los \u201cinfluencers\u201d que han sido bateados por restaurantes, hoteles y chefs, que ya hab\u00edan agarrado como modus vivendi el pensar que como tienen cientos de miles de seguidores, pueden comer u hospedarse gratis.<\/p>\n\n\n\n<p>Pasa lo mismo con el carnaval: su participaci\u00f3n no es por amor a su tierra o Veracruz, es por simple ego y ganar dinero en relaci\u00f3n a cu\u00e1ntos cientos de miles de personas los buscar\u00e1n en las plataformas.<\/p>\n\n\n\n<p>Lo de los cambios en el Carnaval es un buen primer paso. Se debe rescatar una fiesta popular y realzarla. No se trata de convertir todo en \u201ctendencia\u201d para supeditarse a ni\u00f1os, ni\u00f1as, \u201cne\u00f1es\u201d berrinchudos con celular.<\/p>\n","protected":false},"excerpt":{"rendered":"<p>ColumnaSinNombre\u2026 PeroRapidita @pablojair Desde muy temprano por la ma\u00f1ana, el rumor este jueves era que hab\u00eda conflictos entre el Ayuntamiento de Veracruz y el Comit\u00e9 del Carnaval; que derivado de esto saldr\u00eda de la Presidencia de dicho Comit\u00e9 el conocido y muy querido empresario y pol\u00edtico Luis Antonio P\u00e9rez Fraga \u201cEl Pollo\u201d; en su lugar [&hellip;]<\/p>\n","protected":false},"author":2476,"featured_media":488,"comment_status":"open","ping_status":"open","sticky":false,"template":"","format":"standard","meta":{"_jetpack_memberships_contains_paid_content":false,"footnotes":""},"categories":[11],"tags":[],"class_list":["post-35712","post","type-post","status-publish","format-standard","has-post-thumbnail","hentry","category-opinion"],"jetpack_featured_media_url":"https:\/\/encuentroinformativo.com.mx\/wp-content\/uploads\/2020\/03\/F471F608-BA1A-416B-BA7B-BCFB24F4E6D0.jpeg","jetpack_sharing_enabled":true,"jetpack_likes_enabled":true,"amp_enabled":true,"_links":{"self":[{"href":"https:\/\/encuentroinformativo.com.mx\/index.php?rest_route=\/wp\/v2\/posts\/35712","targetHints":{"allow":["GET"]}}],"collection":[{"href":"https:\/\/encuentroinformativo.com.mx\/index.php?rest_route=\/wp\/v2\/posts"}],"about":[{"href":"https:\/\/encuentroinformativo.com.mx\/index.php?rest_route=\/wp\/v2\/types\/post"}],"author":[{"embeddable":true,"href":"https:\/\/encuentroinformativo.com.mx\/index.php?rest_route=\/wp\/v2\/users\/2476"}],"replies":[{"embeddable":true,"href":"https:\/\/encuentroinformativo.com.mx\/index.php?rest_route=%2Fwp%2Fv2%2Fcomments&post=35712"}],"version-history":[{"count":1,"href":"https:\/\/encuentroinformativo.com.mx\/index.php?rest_route=\/wp\/v2\/posts\/35712\/revisions"}],"predecessor-version":[{"id":35713,"href":"https:\/\/encuentroinformativo.com.mx\/index.php?rest_route=\/wp\/v2\/posts\/35712\/revisions\/35713"}],"wp:featuredmedia":[{"embeddable":true,"href":"https:\/\/encuentroinformativo.com.mx\/index.php?rest_route=\/wp\/v2\/media\/488"}],"wp:attachment":[{"href":"https:\/\/encuentroinformativo.com.mx\/index.php?rest_route=%2Fwp%2Fv2%2Fmedia&parent=35712"}],"wp:term":[{"taxonomy":"category","embeddable":true,"href":"https:\/\/encuentroinformativo.com.mx\/index.php?rest_route=%2Fwp%2Fv2%2Fcategories&post=35712"},{"taxonomy":"post_tag","embeddable":true,"href":"https:\/\/encuentroinformativo.com.mx\/index.php?rest_route=%2Fwp%2Fv2%2Ftags&post=35712"}],"curies":[{"name":"wp","href":"https:\/\/api.w.org\/{rel}","templated":true}]}}