{"id":35716,"date":"2023-01-20T12:10:46","date_gmt":"2023-01-20T18:10:46","guid":{"rendered":"https:\/\/encuentroinformativo.com.mx\/?p=35716"},"modified":"2023-01-20T12:10:49","modified_gmt":"2023-01-20T18:10:49","slug":"impulsa-alvarado-vinculos-con-empresas-extranjeras","status":"publish","type":"post","link":"https:\/\/encuentroinformativo.com.mx\/?p=35716","title":{"rendered":"Impulsa Alvarado v\u00ednculos con empresas extranjeras"},"content":{"rendered":"\n<p><strong>Alejandro \u00c1vila<\/strong><\/p>\n\n\n\n<p>Veracruz, Ver.- La alcaldesa de Alvarado, Lizette \u00c1lvarez Vera fue la anfitriona de una peque\u00f1a Cumbre Comercial que se llev\u00f3 a cabo en el puerto de Veracruz, donde asistieron empresarios y diplom\u00e1ticos de 17 pa\u00edses.<\/p>\n\n\n\n<p>La intenci\u00f3n de este evento es crear v\u00ednculos para que se establezca empresas extranjeras en la entidad veracruzana; sobre todo en Alvarado, mismo que acaba de ser nombrado Municipio con Vocaci\u00f3n Tur\u00edstica.<\/p>\n\n\n\n<p>De la misma manera se espera que los productores primarios de Veracruz puedan exportar sus productos a pa\u00edses como Venezuela, Guatemala, Costa Rica, El Salvador y Bolivia.<\/p>\n\n\n\n<p>&#8220;Es muy importante que estos pa\u00edses de Latinoam\u00e9rica vean una \u00e1rea de oportunidad en Veracruz porque contamos con toda la infraestructura y productos agropecuarios que van a poder hacer negocios e intercambios comerciales que se puedan tener&#8221;, dijo Guadalupe Ordaz Urrutia, vicepresidenta de la Asociaci\u00f3n Nacional de Importadores y Exportadores de la Rep\u00fablica Mexicana. <\/p>\n\n\n\n<p>&#8220;Es un gusto recibir este evento tan importante para nuestro municipio, para nuestro estado y para nuestro pa\u00eds, M\u00e9xico. Sean todos bienvenidos a esta reuni\u00f3n, a esta Cumbre tan importante de negocios, todos los Embajadores, y es un gusto para nosotros y para el municipio de Alvarado en especial, poder recibirlos, poder tratar asuntos, negocios importantes que podemos desarrollar entre pa\u00edses, y que en este momento siendo Alvarado un municipio con desarrollo importante, consideramos de suma importancia esta reuni\u00f3n&#8221;, subray\u00f3 Lizette \u00c1lvarez Vera, presidenta municipal de Alvarado.<\/p>\n\n\n\n<p>Cabe mencionar que para el 2023 el Ayuntamiento Alvarado volver\u00e1 a recibir recurso Federal, por lo que se espera que se incrementen los programas y proyectos de mejora de infraestructura en el municipio costero.<\/p>\n","protected":false},"excerpt":{"rendered":"<p>Alejandro \u00c1vila Veracruz, Ver.- La alcaldesa de Alvarado, Lizette \u00c1lvarez Vera fue la anfitriona de una peque\u00f1a Cumbre Comercial que se llev\u00f3 a cabo en el puerto de Veracruz, donde asistieron empresarios y diplom\u00e1ticos de 17 pa\u00edses. La intenci\u00f3n de este evento es crear v\u00ednculos para que se establezca empresas extranjeras en la entidad veracruzana; [&hellip;]<\/p>\n","protected":false},"author":2476,"featured_media":35715,"comment_status":"open","ping_status":"open","sticky":false,"template":"","format":"standard","meta":{"_jetpack_memberships_contains_paid_content":false,"footnotes":""},"categories":[2],"tags":[],"class_list":["post-35716","post","type-post","status-publish","format-standard","has-post-thumbnail","hentry","category-estado"],"jetpack_featured_media_url":"https:\/\/encuentroinformativo.com.mx\/wp-content\/uploads\/2023\/01\/IMG-20230120-WA00292.jpg","jetpack_sharing_enabled":true,"jetpack_likes_enabled":true,"amp_enabled":true,"_links":{"self":[{"href":"https:\/\/encuentroinformativo.com.mx\/index.php?rest_route=\/wp\/v2\/posts\/35716","targetHints":{"allow":["GET"]}}],"collection":[{"href":"https:\/\/encuentroinformativo.com.mx\/index.php?rest_route=\/wp\/v2\/posts"}],"about":[{"href":"https:\/\/encuentroinformativo.com.mx\/index.php?rest_route=\/wp\/v2\/types\/post"}],"author":[{"embeddable":true,"href":"https:\/\/encuentroinformativo.com.mx\/index.php?rest_route=\/wp\/v2\/users\/2476"}],"replies":[{"embeddable":true,"href":"https:\/\/encuentroinformativo.com.mx\/index.php?rest_route=%2Fwp%2Fv2%2Fcomments&post=35716"}],"version-history":[{"count":1,"href":"https:\/\/encuentroinformativo.com.mx\/index.php?rest_route=\/wp\/v2\/posts\/35716\/revisions"}],"predecessor-version":[{"id":35717,"href":"https:\/\/encuentroinformativo.com.mx\/index.php?rest_route=\/wp\/v2\/posts\/35716\/revisions\/35717"}],"wp:featuredmedia":[{"embeddable":true,"href":"https:\/\/encuentroinformativo.com.mx\/index.php?rest_route=\/wp\/v2\/media\/35715"}],"wp:attachment":[{"href":"https:\/\/encuentroinformativo.com.mx\/index.php?rest_route=%2Fwp%2Fv2%2Fmedia&parent=35716"}],"wp:term":[{"taxonomy":"category","embeddable":true,"href":"https:\/\/encuentroinformativo.com.mx\/index.php?rest_route=%2Fwp%2Fv2%2Fcategories&post=35716"},{"taxonomy":"post_tag","embeddable":true,"href":"https:\/\/encuentroinformativo.com.mx\/index.php?rest_route=%2Fwp%2Fv2%2Ftags&post=35716"}],"curies":[{"name":"wp","href":"https:\/\/api.w.org\/{rel}","templated":true}]}}