{"id":3572,"date":"2020-06-23T15:09:47","date_gmt":"2020-06-23T20:09:47","guid":{"rendered":"https:\/\/encuentroinformativo.com\/?p=3572"},"modified":"2020-06-23T15:09:49","modified_gmt":"2020-06-23T20:09:49","slug":"trabajadores-no-respetan-medidas-sanitarias-en-coatepec","status":"publish","type":"post","link":"https:\/\/encuentroinformativo.com.mx\/?p=3572","title":{"rendered":"Trabajadores no respetan medidas sanitarias en Coatepec"},"content":{"rendered":"\n<p><strong>Juan Arcos <\/strong><\/p>\n\n\n\n<p>Coatepec, Ver.- Trabajadores del ayuntamiento de Coatepec se aglomeraron afuera del Palacio Municipal por el sismo de 7.5, con epicentro en Oaxaca, que fue perceptible en la regi\u00f3n capital de Veracruz.<\/p>\n\n\n\n<p>Los bur\u00f3cratas se concentraron sobre la calle Miguel Rebolledo, frente al parque Miguel Hidalgo, sin respetar las medidas sanitarias recomendadas diariamente por la Secretar\u00eda de Salud, durante esta pandemia de Covid-19.<\/p>\n\n\n\n<p>Los bur\u00f3cratas no respetaron la distancia de 1.5 metros entre cada persona y, muchos de ellos, tampoco portaban cubrebocas o protecci\u00f3n facial, para evitar el contagio.<\/p>\n\n\n\n<p>Lo anterior, a pesar de que han aumentado de manera significativa los casos de Covid-19, en el Pueblo M\u00e1gico, durante este mes.<\/p>\n\n\n\n<p>Hasta la noche del lunes 22 de junio, la Secretar\u00eda de Salud reportaba 32 casos confirmados, cinco activos, 18 sospechosos y nueve defunciones en Coatepec.<\/p>\n\n\n\n<p>El presidente municipal ha solicitado reiteradamente a los pobladores que permanezcan en casa para frenar la curva de contagios.<\/p>\n\n\n\n<p>Sin embargo, en los \u00faltimos d\u00edas, ha encabezado eventos en el Pueblo M\u00e1gico, para la realizaci\u00f3n de obras y programas sociales.<\/p>\n\n\n\n<p>Ayer, el edil dio el banderazo de inicio al programa Acciones Cerca de Ti en la localidad de Pacho Viejo.<\/p>\n\n\n\n<p>Adem\u00e1s, el viernes pasado, Fern\u00e1ndez Peredo supervis\u00f3 personalmente la obra para la construcci\u00f3n de un drenaje pluvial en la calle Perla de la colonia Campo Viejo.<\/p>\n\n\n\n<p>Cabe recordar que el Cabildo de Coatepec acord\u00f3 que el uso de cubrebocas, careta o protector facial fuera obligatorio en el Pueblo M\u00e1gico, disposici\u00f3n oficial que ni los mismos trabajadores municipales acataron.<\/p>\n","protected":false},"excerpt":{"rendered":"<p>Juan Arcos Coatepec, Ver.- Trabajadores del ayuntamiento de Coatepec se aglomeraron afuera del Palacio Municipal por el sismo de 7.5, con epicentro en Oaxaca, que fue perceptible en la regi\u00f3n capital de Veracruz. Los bur\u00f3cratas se concentraron sobre la calle Miguel Rebolledo, frente al parque Miguel Hidalgo, sin respetar las medidas sanitarias recomendadas diariamente por [&hellip;]<\/p>\n","protected":false},"author":1,"featured_media":3573,"comment_status":"open","ping_status":"open","sticky":false,"template":"","format":"standard","meta":{"_jetpack_memberships_contains_paid_content":false,"footnotes":""},"categories":[8],"tags":[],"class_list":["post-3572","post","type-post","status-publish","format-standard","has-post-thumbnail","hentry","category-region"],"jetpack_featured_media_url":"https:\/\/encuentroinformativo.com.mx\/wp-content\/uploads\/2020\/06\/8E31928A-6462-4596-A666-BF90EFB4DBEB.jpeg","jetpack_sharing_enabled":true,"jetpack_likes_enabled":true,"amp_enabled":true,"_links":{"self":[{"href":"https:\/\/encuentroinformativo.com.mx\/index.php?rest_route=\/wp\/v2\/posts\/3572","targetHints":{"allow":["GET"]}}],"collection":[{"href":"https:\/\/encuentroinformativo.com.mx\/index.php?rest_route=\/wp\/v2\/posts"}],"about":[{"href":"https:\/\/encuentroinformativo.com.mx\/index.php?rest_route=\/wp\/v2\/types\/post"}],"author":[{"embeddable":true,"href":"https:\/\/encuentroinformativo.com.mx\/index.php?rest_route=\/wp\/v2\/users\/1"}],"replies":[{"embeddable":true,"href":"https:\/\/encuentroinformativo.com.mx\/index.php?rest_route=%2Fwp%2Fv2%2Fcomments&post=3572"}],"version-history":[{"count":1,"href":"https:\/\/encuentroinformativo.com.mx\/index.php?rest_route=\/wp\/v2\/posts\/3572\/revisions"}],"predecessor-version":[{"id":3574,"href":"https:\/\/encuentroinformativo.com.mx\/index.php?rest_route=\/wp\/v2\/posts\/3572\/revisions\/3574"}],"wp:featuredmedia":[{"embeddable":true,"href":"https:\/\/encuentroinformativo.com.mx\/index.php?rest_route=\/wp\/v2\/media\/3573"}],"wp:attachment":[{"href":"https:\/\/encuentroinformativo.com.mx\/index.php?rest_route=%2Fwp%2Fv2%2Fmedia&parent=3572"}],"wp:term":[{"taxonomy":"category","embeddable":true,"href":"https:\/\/encuentroinformativo.com.mx\/index.php?rest_route=%2Fwp%2Fv2%2Fcategories&post=3572"},{"taxonomy":"post_tag","embeddable":true,"href":"https:\/\/encuentroinformativo.com.mx\/index.php?rest_route=%2Fwp%2Fv2%2Ftags&post=3572"}],"curies":[{"name":"wp","href":"https:\/\/api.w.org\/{rel}","templated":true}]}}