{"id":35735,"date":"2023-01-20T14:53:10","date_gmt":"2023-01-20T20:53:10","guid":{"rendered":"https:\/\/encuentroinformativo.com.mx\/?p=35735"},"modified":"2023-01-20T14:53:14","modified_gmt":"2023-01-20T20:53:14","slug":"ople-vigilara-actos-anticipados-de-campana-marisol-delgadillo","status":"publish","type":"post","link":"https:\/\/encuentroinformativo.com.mx\/?p=35735","title":{"rendered":"OPLE vigilar\u00e1 actos anticipados de campa\u00f1a: Marisol Delgadillo"},"content":{"rendered":"\n<p><strong>Dar\u00edo Pale <\/strong><\/p>\n\n\n\n<p>Xalapa, Ver.- Por nueva ley el Organismo P\u00fablico Local Electoral (OPLE), vigilar\u00e1 actos anticipados de precampa\u00f1as y campa\u00f1as, adem\u00e1s la nueva redistritaci\u00f3n fue federal, en lo local, qued\u00f3 igual, cambiaron un par de cabeceras, as\u00ed lo dio a conocer la Consejera Presidenta Marisol Alicia Delgadillo Morales.<\/p>\n\n\n\n<p>En entrevista se\u00f1al\u00f3 que despu\u00e9s de la publicaci\u00f3n de la nueva Ley de Comunicaci\u00f3n Social, estar\u00e1n atentos de cualquier acto anticipado de precampa\u00f1a o de campa\u00f1a de aquellos que aspiran a alg\u00fan cargo de elecci\u00f3n popular en el pr\u00f3ximo proceso electoral.<\/p>\n\n\n\n<p>Record\u00f3 que en el mes de diciembre pasado se public\u00f3 en el Diario Oficial de Federaci\u00f3n la nueva Ley de Comunicaci\u00f3n Social, en donde qued\u00f3 establecido que los servidores p\u00fablicos pueden hacer difusi\u00f3n de sus actividades y programas.<\/p>\n\n\n\n<p>&#8220;Se cambia un tanto la visi\u00f3n de estas manifestaciones que puedan estar haciendo, evidentemente la autoridad electoral ya con todo el marco normativo vamos a estar atentos de cualquier queja que se pudiera presentar por actos anticipados de precampa\u00f1a o campa\u00f1a&#8221;, se\u00f1al\u00f3.<\/p>\n\n\n\n<p>Por otra parte, record\u00f3 que con base en la nueva redistritaci\u00f3n hecha por el INE, a nivel local los distritos quedaron de la misma manera, es decir, con 30 distritos, lo que cambi\u00f3 fueron algunas cabeceras distritales, tales como Ciudad Mendoza que ahora es R\u00edo Blanco o Medell\u00edn, a Alvarado.<\/p>\n\n\n\n<p>Indic\u00f3 que est\u00e1n haciendo una difusi\u00f3n a trav\u00e9s de las redes sociales del Organismo para dar a conocer c\u00f3mo qued\u00f3 esa nueva redistritaci\u00f3n.<\/p>\n\n\n\n<p>Adem\u00e1s de que ya tambi\u00e9n se est\u00e1 enfatizando dicha informaci\u00f3n con los partidos pol\u00edticos sobre ese nuevo mapeo, pero record\u00f3 que se trata de un acuerdo del \u00f3rgano electoral federal, a partir de los censos y mesas de trabajo.<\/p>\n\n\n\n<p>Recalc\u00f3 que a nivel federal la distritaci\u00f3n s\u00ed se vio afectada, ya que se disminuy\u00f3 el n\u00famero de distritos a 19, aunque debido a que los partidos participaron en las mesas de trabajo, ya traen una idea de c\u00f3mo deber\u00e1n proyectar sus actividades, tanto para el proceso federal como para el local.<\/p>\n\n\n\n<p>Finalmente resalt\u00f3 que los cambios obedecen a la consideraci\u00f3n del n\u00famero de habitantes en algunas cabeceras distritales, la accesibilidad a medios, salidas a redes de comunicaci\u00f3n, entre otras.<\/p>\n","protected":false},"excerpt":{"rendered":"<p>Dar\u00edo Pale Xalapa, Ver.- Por nueva ley el Organismo P\u00fablico Local Electoral (OPLE), vigilar\u00e1 actos anticipados de precampa\u00f1as y campa\u00f1as, adem\u00e1s la nueva redistritaci\u00f3n fue federal, en lo local, qued\u00f3 igual, cambiaron un par de cabeceras, as\u00ed lo dio a conocer la Consejera Presidenta Marisol Alicia Delgadillo Morales. En entrevista se\u00f1al\u00f3 que despu\u00e9s de la [&hellip;]<\/p>\n","protected":false},"author":2476,"featured_media":35736,"comment_status":"open","ping_status":"open","sticky":false,"template":"","format":"standard","meta":{"_jetpack_memberships_contains_paid_content":false,"footnotes":""},"categories":[2],"tags":[],"class_list":["post-35735","post","type-post","status-publish","format-standard","has-post-thumbnail","hentry","category-estado"],"jetpack_featured_media_url":"https:\/\/encuentroinformativo.com.mx\/wp-content\/uploads\/2023\/01\/IMG-20230120-WA0069.jpg","jetpack_sharing_enabled":true,"jetpack_likes_enabled":true,"amp_enabled":true,"_links":{"self":[{"href":"https:\/\/encuentroinformativo.com.mx\/index.php?rest_route=\/wp\/v2\/posts\/35735","targetHints":{"allow":["GET"]}}],"collection":[{"href":"https:\/\/encuentroinformativo.com.mx\/index.php?rest_route=\/wp\/v2\/posts"}],"about":[{"href":"https:\/\/encuentroinformativo.com.mx\/index.php?rest_route=\/wp\/v2\/types\/post"}],"author":[{"embeddable":true,"href":"https:\/\/encuentroinformativo.com.mx\/index.php?rest_route=\/wp\/v2\/users\/2476"}],"replies":[{"embeddable":true,"href":"https:\/\/encuentroinformativo.com.mx\/index.php?rest_route=%2Fwp%2Fv2%2Fcomments&post=35735"}],"version-history":[{"count":1,"href":"https:\/\/encuentroinformativo.com.mx\/index.php?rest_route=\/wp\/v2\/posts\/35735\/revisions"}],"predecessor-version":[{"id":35737,"href":"https:\/\/encuentroinformativo.com.mx\/index.php?rest_route=\/wp\/v2\/posts\/35735\/revisions\/35737"}],"wp:featuredmedia":[{"embeddable":true,"href":"https:\/\/encuentroinformativo.com.mx\/index.php?rest_route=\/wp\/v2\/media\/35736"}],"wp:attachment":[{"href":"https:\/\/encuentroinformativo.com.mx\/index.php?rest_route=%2Fwp%2Fv2%2Fmedia&parent=35735"}],"wp:term":[{"taxonomy":"category","embeddable":true,"href":"https:\/\/encuentroinformativo.com.mx\/index.php?rest_route=%2Fwp%2Fv2%2Fcategories&post=35735"},{"taxonomy":"post_tag","embeddable":true,"href":"https:\/\/encuentroinformativo.com.mx\/index.php?rest_route=%2Fwp%2Fv2%2Ftags&post=35735"}],"curies":[{"name":"wp","href":"https:\/\/api.w.org\/{rel}","templated":true}]}}