{"id":35738,"date":"2023-01-20T10:54:39","date_gmt":"2023-01-20T16:54:39","guid":{"rendered":"https:\/\/encuentroinformativo.com.mx\/?p=35738"},"modified":"2023-01-20T15:58:46","modified_gmt":"2023-01-20T21:58:46","slug":"buscaran-prevenir-hechos-violentos-en-escuelas-sev","status":"publish","type":"post","link":"https:\/\/encuentroinformativo.com.mx\/?p=35738","title":{"rendered":"Buscar\u00e1n prevenir hechos violentos en escuelas: SEV"},"content":{"rendered":"\n<p><strong>Juan Arcos <\/strong><\/p>\n\n\n\n<p>Xalapa, Ver.- El secretario de Educaci\u00f3n en Veracruz (SEV), Zenyazen Escobar Garc\u00eda, asegur\u00f3 que se llevar\u00e1n a cabo acciones para prevenir los hechos violentos que involucran a estudiantes de la entidad.<\/p>\n\n\n\n<p>Lo anterior luego de que un ni\u00f1o asesinara a otro tras perder en las maquinistas en el municipio de La Perla, el pasado domingo 15 de enero.<\/p>\n\n\n\n<p>Adem\u00e1s, un estudiante del Colegio de Bachilleres del Estado de Veracruz (Cobaev) n\u00famero 62 fue asesinado a pu\u00f1aladas el pasado martes 17 de enero.<\/p>\n\n\n\n<p>El funcionario estatal indic\u00f3 que se impartir\u00e1n charlas sobre \u201cConductas Antisociales, Drogadicci\u00f3n y Manejo de Emociones\u201d en la zona de La Perla, un municipio ubicado en la regi\u00f3n de las Altas Monta\u00f1as.<\/p>\n\n\n\n<p>Mencion\u00f3 que, aunque el homicidio de Samuel ocurri\u00f3 en Las Maquinitas y no al interior de la escuela, se promover\u00e1n acciones para el manejo de emociones entre los estudiantes.<\/p>\n\n\n\n<p>Escobar Garc\u00eda detall\u00f3 que las charlas van dirigidas a estudiantes de cuarto, quinto y sexto grado de primaria.<\/p>\n\n\n\n<p>\u201cEl tema de La Perla ocurri\u00f3 afuera de la instituci\u00f3n, pero si bien cuando hay una problem\u00e1tica nosotros como Secretar\u00eda de Educaci\u00f3n nos abocados a ver qu\u00e9 es lo que est\u00e1 sucediendo en la propia sociedad, entonces es ah\u00ed por lo que ahorita estamos en esa ruta\u201d, refiri\u00f3.<\/p>\n\n\n\n<p>El titular de la SEV tambi\u00e9n indic\u00f3 que ya se solicit\u00f3 a la Secretar\u00eda de Seguridad P\u00fablica (SSP) que se refuerce la vigilancia cerca de los planteles educativos.<\/p>\n\n\n\n<p>Cabe recordar que Joel, un joven, de 16 a\u00f1os, fue asesinado a pu\u00f1aladas despu\u00e9s de salir de su escuela en la Reserva Vergara Tarimoya 4, del Puerto de Veracruz, tras resistirse a un asalto.<\/p>\n\n\n\n<p>&#8220;Platicamos de esto con el se\u00f1or Gobernador, incluso \u00e9l lo coment\u00f3 en la conferencia de prensa. S\u00ed estamos haciendo esta solicitud muy fraternal Secretar\u00eda de Seguridad P\u00fablica para los rondines, que por ejemplo en este caso que era parte de Veracruz Norte, de ya empezar los rondines a la hora de la salida de los chavos\u201d, enfatiz\u00f3.<\/p>\n","protected":false},"excerpt":{"rendered":"<p>Juan Arcos Xalapa, Ver.- El secretario de Educaci\u00f3n en Veracruz (SEV), Zenyazen Escobar Garc\u00eda, asegur\u00f3 que se llevar\u00e1n a cabo acciones para prevenir los hechos violentos que involucran a estudiantes de la entidad. Lo anterior luego de que un ni\u00f1o asesinara a otro tras perder en las maquinistas en el municipio de La Perla, el [&hellip;]<\/p>\n","protected":false},"author":2476,"featured_media":35739,"comment_status":"open","ping_status":"open","sticky":false,"template":"","format":"standard","meta":{"_jetpack_memberships_contains_paid_content":false,"footnotes":""},"categories":[2],"tags":[],"class_list":["post-35738","post","type-post","status-publish","format-standard","has-post-thumbnail","hentry","category-estado"],"jetpack_featured_media_url":"https:\/\/encuentroinformativo.com.mx\/wp-content\/uploads\/2023\/01\/IMG_0804.jpg","jetpack_sharing_enabled":true,"jetpack_likes_enabled":true,"amp_enabled":true,"_links":{"self":[{"href":"https:\/\/encuentroinformativo.com.mx\/index.php?rest_route=\/wp\/v2\/posts\/35738","targetHints":{"allow":["GET"]}}],"collection":[{"href":"https:\/\/encuentroinformativo.com.mx\/index.php?rest_route=\/wp\/v2\/posts"}],"about":[{"href":"https:\/\/encuentroinformativo.com.mx\/index.php?rest_route=\/wp\/v2\/types\/post"}],"author":[{"embeddable":true,"href":"https:\/\/encuentroinformativo.com.mx\/index.php?rest_route=\/wp\/v2\/users\/2476"}],"replies":[{"embeddable":true,"href":"https:\/\/encuentroinformativo.com.mx\/index.php?rest_route=%2Fwp%2Fv2%2Fcomments&post=35738"}],"version-history":[{"count":1,"href":"https:\/\/encuentroinformativo.com.mx\/index.php?rest_route=\/wp\/v2\/posts\/35738\/revisions"}],"predecessor-version":[{"id":35740,"href":"https:\/\/encuentroinformativo.com.mx\/index.php?rest_route=\/wp\/v2\/posts\/35738\/revisions\/35740"}],"wp:featuredmedia":[{"embeddable":true,"href":"https:\/\/encuentroinformativo.com.mx\/index.php?rest_route=\/wp\/v2\/media\/35739"}],"wp:attachment":[{"href":"https:\/\/encuentroinformativo.com.mx\/index.php?rest_route=%2Fwp%2Fv2%2Fmedia&parent=35738"}],"wp:term":[{"taxonomy":"category","embeddable":true,"href":"https:\/\/encuentroinformativo.com.mx\/index.php?rest_route=%2Fwp%2Fv2%2Fcategories&post=35738"},{"taxonomy":"post_tag","embeddable":true,"href":"https:\/\/encuentroinformativo.com.mx\/index.php?rest_route=%2Fwp%2Fv2%2Ftags&post=35738"}],"curies":[{"name":"wp","href":"https:\/\/api.w.org\/{rel}","templated":true}]}}