{"id":3575,"date":"2020-06-23T16:11:53","date_gmt":"2020-06-23T21:11:53","guid":{"rendered":"https:\/\/encuentroinformativo.com\/?p=3575"},"modified":"2020-06-23T16:11:56","modified_gmt":"2020-06-23T21:11:56","slug":"xalapenos-frustran-asalto-en-pleno-centro","status":"publish","type":"post","link":"https:\/\/encuentroinformativo.com.mx\/?p=3575","title":{"rendered":"Xalape\u00f1os frustran asalto en pleno centro"},"content":{"rendered":"\n<p><strong>Juan Arcos <\/strong><\/p>\n\n\n\n<p>Xalapa, Ver.- Un grupo de ciudadanos frustr\u00f3 un asalto contra una menor de edad en pleno centro de esta capital veracruzana.<\/p>\n\n\n\n<p>Los hechos ocurrieron a las 8:30 horas, cuando la empleada de una zapater\u00eda arrib\u00f3 al mercado J\u00e1uregui para abrir el local donde labora.<\/p>\n\n\n\n<p>De pronto, un sujeto de unos 50 a\u00f1os ingres\u00f3 al lugar y le arrebat\u00f3 su bolso de mano, para, posteriormente, darse a la fuga.<\/p>\n\n\n\n<p>La chica pidi\u00f3 el auxilio a unos j\u00f3venes que se encontraban cerca del recinto comercial, quienes actuaron con rapidez para seguir al ladr\u00f3n.<\/p>\n\n\n\n<p>Uno de ellos, relat\u00f3 que el delincuente intent\u00f3 subir a un autob\u00fas sobre la calle Revoluci\u00f3n, donde se le pidi\u00f3 al conductor que no permitiera su ingreso, pues acababa de cometer un robo.<\/p>\n\n\n\n<p>La persona se\u00f1alada de cometer dicho delito llevaba la bolsa en la mano, de donde se cay\u00f3 un tel\u00e9fono celular que result\u00f3 con la pantalla estrellada.<\/p>\n\n\n\n<p>Sin embargo, los j\u00f3venes lograron detenerlo sobre la calle Benito Ju\u00e1rez sin agredirlo, pues solicitaron la intervenci\u00f3n de polic\u00edas municipales, quienes arribaron al lugar despu\u00e9s de unos minutos.<\/p>\n\n\n\n<p>Cabe mencionar que el se\u00f1or que rob\u00f3 el bolso se identific\u00f3 como C\u00e9sar \u201cN\u201d.<\/p>\n\n\n\n<p><\/p>\n","protected":false},"excerpt":{"rendered":"<p>Juan Arcos Xalapa, Ver.- Un grupo de ciudadanos frustr\u00f3 un asalto contra una menor de edad en pleno centro de esta capital veracruzana. Los hechos ocurrieron a las 8:30 horas, cuando la empleada de una zapater\u00eda arrib\u00f3 al mercado J\u00e1uregui para abrir el local donde labora. De pronto, un sujeto de unos 50 a\u00f1os ingres\u00f3 [&hellip;]<\/p>\n","protected":false},"author":1,"featured_media":3576,"comment_status":"open","ping_status":"open","sticky":false,"template":"","format":"standard","meta":{"_jetpack_memberships_contains_paid_content":false,"footnotes":""},"categories":[14],"tags":[],"class_list":["post-3575","post","type-post","status-publish","format-standard","has-post-thumbnail","hentry","category-policiaca"],"jetpack_featured_media_url":"https:\/\/encuentroinformativo.com.mx\/wp-content\/uploads\/2020\/06\/6E2A82C1-030E-4691-B2D8-5C28D6CFBC28.jpeg","jetpack_sharing_enabled":true,"jetpack_likes_enabled":true,"amp_enabled":true,"_links":{"self":[{"href":"https:\/\/encuentroinformativo.com.mx\/index.php?rest_route=\/wp\/v2\/posts\/3575","targetHints":{"allow":["GET"]}}],"collection":[{"href":"https:\/\/encuentroinformativo.com.mx\/index.php?rest_route=\/wp\/v2\/posts"}],"about":[{"href":"https:\/\/encuentroinformativo.com.mx\/index.php?rest_route=\/wp\/v2\/types\/post"}],"author":[{"embeddable":true,"href":"https:\/\/encuentroinformativo.com.mx\/index.php?rest_route=\/wp\/v2\/users\/1"}],"replies":[{"embeddable":true,"href":"https:\/\/encuentroinformativo.com.mx\/index.php?rest_route=%2Fwp%2Fv2%2Fcomments&post=3575"}],"version-history":[{"count":1,"href":"https:\/\/encuentroinformativo.com.mx\/index.php?rest_route=\/wp\/v2\/posts\/3575\/revisions"}],"predecessor-version":[{"id":3577,"href":"https:\/\/encuentroinformativo.com.mx\/index.php?rest_route=\/wp\/v2\/posts\/3575\/revisions\/3577"}],"wp:featuredmedia":[{"embeddable":true,"href":"https:\/\/encuentroinformativo.com.mx\/index.php?rest_route=\/wp\/v2\/media\/3576"}],"wp:attachment":[{"href":"https:\/\/encuentroinformativo.com.mx\/index.php?rest_route=%2Fwp%2Fv2%2Fmedia&parent=3575"}],"wp:term":[{"taxonomy":"category","embeddable":true,"href":"https:\/\/encuentroinformativo.com.mx\/index.php?rest_route=%2Fwp%2Fv2%2Fcategories&post=3575"},{"taxonomy":"post_tag","embeddable":true,"href":"https:\/\/encuentroinformativo.com.mx\/index.php?rest_route=%2Fwp%2Fv2%2Ftags&post=3575"}],"curies":[{"name":"wp","href":"https:\/\/api.w.org\/{rel}","templated":true}]}}