{"id":35756,"date":"2023-01-21T12:04:22","date_gmt":"2023-01-21T18:04:22","guid":{"rendered":"https:\/\/encuentroinformativo.com.mx\/?p=35756"},"modified":"2023-01-21T12:04:26","modified_gmt":"2023-01-21T18:04:26","slug":"restauraran-templo-antiguo-en-medellin-de-bravo","status":"publish","type":"post","link":"https:\/\/encuentroinformativo.com.mx\/?p=35756","title":{"rendered":"Restaurar\u00e1n templo antiguo en Medell\u00edn de Bravo"},"content":{"rendered":"\n<p><strong>Alejandro \u00c1vila<\/strong><\/p>\n\n\n\n<p>Medell\u00edn de Bravo, Ver.- La Iglesia &#8220;San Miguel Arc\u00e1ngel&#8221; ubicada en el municipio de Medell\u00edn de Bravo y el segundo templo m\u00e1s antiguo de toda Latinoam\u00e9rica, finalmente ser\u00e1 restaurado en este 2023.<\/p>\n\n\n\n<p>El alcalde Marcos Isle\u00f1o Andrade inform\u00f3 qu\u00e9 el recurso lo obtendr\u00e1n de Programa Nacional de Reconstrucci\u00f3n.<\/p>\n\n\n\n<p>Est\u00e1 gesti\u00f3n se realiz\u00f3 a trav\u00e9s de la Direcci\u00f3n General de Sitios y Monumentos del Patrimonio Cultural que encabeza Arturo Balandrano Campos.<\/p>\n\n\n\n<p>Durante el recorrido conjunto, en donde estuvo presente el alcalde Marcos Isle\u00f1o, se acord\u00f3 que los trabajos de reparaci\u00f3n se llevar\u00e1n a cabo en dos etapas, una de ellas durante este 2023, por lo que ya iniciaron con la elaboraci\u00f3n de dicho proyecto.<\/p>\n\n\n\n<p>Balandrano Campos explic\u00f3 que los recursos que autorice la Federaci\u00f3n ser\u00e1n canalizados a trav\u00e9s del Ayuntamiento medellinense, el cual se erigir\u00e1 como instancia ejecutora del proyecto de restauraci\u00f3n de la emblem\u00e1tica iglesia, cuya edificaci\u00f3n data del a\u00f1o 1523 bajo las \u00f3rdenes de Hern\u00e1n Cort\u00e9s.&nbsp;&nbsp;<\/p>\n\n\n\n<p>En el recorrido de revisi\u00f3n tambi\u00e9n participaron el p\u00e1rroco de la iglesia, Federico Antonio Pinillos Fonseca, y el director del INAH Veracruz, Jos\u00e9 Manuel Ba\u00f1uelos Ledezma.<\/p>\n","protected":false},"excerpt":{"rendered":"<p>Alejandro \u00c1vila Medell\u00edn de Bravo, Ver.- La Iglesia &#8220;San Miguel Arc\u00e1ngel&#8221; ubicada en el municipio de Medell\u00edn de Bravo y el segundo templo m\u00e1s antiguo de toda Latinoam\u00e9rica, finalmente ser\u00e1 restaurado en este 2023. El alcalde Marcos Isle\u00f1o Andrade inform\u00f3 qu\u00e9 el recurso lo obtendr\u00e1n de Programa Nacional de Reconstrucci\u00f3n. Est\u00e1 gesti\u00f3n se realiz\u00f3 a [&hellip;]<\/p>\n","protected":false},"author":2476,"featured_media":35757,"comment_status":"open","ping_status":"open","sticky":false,"template":"","format":"standard","meta":{"_jetpack_memberships_contains_paid_content":false,"footnotes":""},"categories":[2],"tags":[],"class_list":["post-35756","post","type-post","status-publish","format-standard","has-post-thumbnail","hentry","category-estado"],"jetpack_featured_media_url":"https:\/\/encuentroinformativo.com.mx\/wp-content\/uploads\/2023\/01\/IMG-20230121-WA0007.jpg","jetpack_sharing_enabled":true,"jetpack_likes_enabled":true,"amp_enabled":true,"_links":{"self":[{"href":"https:\/\/encuentroinformativo.com.mx\/index.php?rest_route=\/wp\/v2\/posts\/35756","targetHints":{"allow":["GET"]}}],"collection":[{"href":"https:\/\/encuentroinformativo.com.mx\/index.php?rest_route=\/wp\/v2\/posts"}],"about":[{"href":"https:\/\/encuentroinformativo.com.mx\/index.php?rest_route=\/wp\/v2\/types\/post"}],"author":[{"embeddable":true,"href":"https:\/\/encuentroinformativo.com.mx\/index.php?rest_route=\/wp\/v2\/users\/2476"}],"replies":[{"embeddable":true,"href":"https:\/\/encuentroinformativo.com.mx\/index.php?rest_route=%2Fwp%2Fv2%2Fcomments&post=35756"}],"version-history":[{"count":1,"href":"https:\/\/encuentroinformativo.com.mx\/index.php?rest_route=\/wp\/v2\/posts\/35756\/revisions"}],"predecessor-version":[{"id":35758,"href":"https:\/\/encuentroinformativo.com.mx\/index.php?rest_route=\/wp\/v2\/posts\/35756\/revisions\/35758"}],"wp:featuredmedia":[{"embeddable":true,"href":"https:\/\/encuentroinformativo.com.mx\/index.php?rest_route=\/wp\/v2\/media\/35757"}],"wp:attachment":[{"href":"https:\/\/encuentroinformativo.com.mx\/index.php?rest_route=%2Fwp%2Fv2%2Fmedia&parent=35756"}],"wp:term":[{"taxonomy":"category","embeddable":true,"href":"https:\/\/encuentroinformativo.com.mx\/index.php?rest_route=%2Fwp%2Fv2%2Fcategories&post=35756"},{"taxonomy":"post_tag","embeddable":true,"href":"https:\/\/encuentroinformativo.com.mx\/index.php?rest_route=%2Fwp%2Fv2%2Ftags&post=35756"}],"curies":[{"name":"wp","href":"https:\/\/api.w.org\/{rel}","templated":true}]}}