{"id":35767,"date":"2023-01-21T16:18:08","date_gmt":"2023-01-21T22:18:08","guid":{"rendered":"https:\/\/encuentroinformativo.com.mx\/?p=35767"},"modified":"2023-01-21T16:18:11","modified_gmt":"2023-01-21T22:18:11","slug":"por-recorte-presupuestal-ajustara-ople-programa-anual","status":"publish","type":"post","link":"https:\/\/encuentroinformativo.com.mx\/?p=35767","title":{"rendered":"Por recorte presupuestal, ajustar\u00e1 OPLE programa anual"},"content":{"rendered":"\n<p><strong>Dar\u00edo Pale <\/strong><\/p>\n\n\n\n<p>Xalapa, Ver.- Debido al recorte que le hicieron al presupuesto del Organismo P\u00fablico Local Electoral (OPLE), tendr\u00e1n que reajustar el Programa Operativo Anual \u00a0(POA) debido a que les redujeron 40 millones de pesos, as\u00ed lo inform\u00f3 la consejera presidenta Marisol Alicia Delgadillo Morales.<\/p>\n\n\n\n<p>En entrevista coment\u00f3 que el OPLE aprob\u00f3 solicitar 591 millones para el gasto del 2023, sin embargo, la Secretar\u00eda de Finanza y Planeaci\u00f3n (SEFIPLAN), program\u00f3 550 millones 120 mil pesos, que fueron aprobados por el Congreso de Veracruz, el 20 de diciembre del 2022.<\/p>\n\n\n\n<p>En ese sentido, la consejera presidenta reconoci\u00f3 que van a tener que adecuar los programas y proyectos para este 2023, sin embargo, ser\u00e1n cuidadosos que el ajuste no afecte a los trabajadores ni las metas.<\/p>\n\n\n\n<p>Estamos haciendo, a trav\u00e9s de la comisi\u00f3n de administraci\u00f3n, los ajustes necesarios\u201d, se\u00f1al\u00f3.<br>Por lo que plante\u00f3 que la idea es que con menos dinero se puedan empezar a planear la organizaci\u00f3n de las elecciones del 2024.<\/p>\n\n\n\n<p>\u201cEl objetivo simplemente es hacer un ajuste sin afectar los proyectos o temas laborales del personal y hacer que el recurso nos alcance para todas las metas de este a\u00f1o\u201d, coment\u00f3.<\/p>\n\n\n\n<p>Por \u00faltimo dio a conocer que la adecuaci\u00f3n al gasto del presupuesto se tendr\u00e1 que presentar ante el pleno, y record\u00f3 que ser\u00e1 en el mes de noviembre cuando se iniciar\u00e1 el proceso de organizaci\u00f3n de las elecciones para la renovaci\u00f3n de gobernador y diputados.<\/p>\n","protected":false},"excerpt":{"rendered":"<p>Dar\u00edo Pale Xalapa, Ver.- Debido al recorte que le hicieron al presupuesto del Organismo P\u00fablico Local Electoral (OPLE), tendr\u00e1n que reajustar el Programa Operativo Anual \u00a0(POA) debido a que les redujeron 40 millones de pesos, as\u00ed lo inform\u00f3 la consejera presidenta Marisol Alicia Delgadillo Morales. En entrevista coment\u00f3 que el OPLE aprob\u00f3 solicitar 591 millones [&hellip;]<\/p>\n","protected":false},"author":2476,"featured_media":23905,"comment_status":"open","ping_status":"open","sticky":false,"template":"","format":"standard","meta":{"_jetpack_memberships_contains_paid_content":false,"footnotes":""},"categories":[2],"tags":[],"class_list":["post-35767","post","type-post","status-publish","format-standard","has-post-thumbnail","hentry","category-estado"],"jetpack_featured_media_url":"https:\/\/encuentroinformativo.com.mx\/wp-content\/uploads\/2022\/02\/79916170-2F99-4ED7-B86C-E06AF20843E2.jpeg","jetpack_sharing_enabled":true,"jetpack_likes_enabled":true,"amp_enabled":true,"_links":{"self":[{"href":"https:\/\/encuentroinformativo.com.mx\/index.php?rest_route=\/wp\/v2\/posts\/35767","targetHints":{"allow":["GET"]}}],"collection":[{"href":"https:\/\/encuentroinformativo.com.mx\/index.php?rest_route=\/wp\/v2\/posts"}],"about":[{"href":"https:\/\/encuentroinformativo.com.mx\/index.php?rest_route=\/wp\/v2\/types\/post"}],"author":[{"embeddable":true,"href":"https:\/\/encuentroinformativo.com.mx\/index.php?rest_route=\/wp\/v2\/users\/2476"}],"replies":[{"embeddable":true,"href":"https:\/\/encuentroinformativo.com.mx\/index.php?rest_route=%2Fwp%2Fv2%2Fcomments&post=35767"}],"version-history":[{"count":1,"href":"https:\/\/encuentroinformativo.com.mx\/index.php?rest_route=\/wp\/v2\/posts\/35767\/revisions"}],"predecessor-version":[{"id":35768,"href":"https:\/\/encuentroinformativo.com.mx\/index.php?rest_route=\/wp\/v2\/posts\/35767\/revisions\/35768"}],"wp:featuredmedia":[{"embeddable":true,"href":"https:\/\/encuentroinformativo.com.mx\/index.php?rest_route=\/wp\/v2\/media\/23905"}],"wp:attachment":[{"href":"https:\/\/encuentroinformativo.com.mx\/index.php?rest_route=%2Fwp%2Fv2%2Fmedia&parent=35767"}],"wp:term":[{"taxonomy":"category","embeddable":true,"href":"https:\/\/encuentroinformativo.com.mx\/index.php?rest_route=%2Fwp%2Fv2%2Fcategories&post=35767"},{"taxonomy":"post_tag","embeddable":true,"href":"https:\/\/encuentroinformativo.com.mx\/index.php?rest_route=%2Fwp%2Fv2%2Ftags&post=35767"}],"curies":[{"name":"wp","href":"https:\/\/api.w.org\/{rel}","templated":true}]}}