{"id":35771,"date":"2023-01-22T15:54:58","date_gmt":"2023-01-22T21:54:58","guid":{"rendered":"https:\/\/encuentroinformativo.com.mx\/?p=35771"},"modified":"2023-01-22T15:55:01","modified_gmt":"2023-01-22T21:55:01","slug":"aumentan-casos-de-violencia-infantil","status":"publish","type":"post","link":"https:\/\/encuentroinformativo.com.mx\/?p=35771","title":{"rendered":"Aumentan casos de violencia infantil"},"content":{"rendered":"\n<p><strong>Juan Arcos\u00a0<\/strong><\/p>\n\n\n\n<p>Xalapa, Ver.- Los casos de violencia infantil han aumentado durante los \u00faltimos d\u00edas en el estado de Veracruz.<\/p>\n\n\n\n<p>M\u00eda, una adolescente de 14 a\u00f1os, fue herida con un cuchillo en la espalda por su propia prima, tambi\u00e9n menor de edad, en el municipio de C\u00f3rdoba, en la zona centro del estado de Veracruz.<\/p>\n\n\n\n<p>Esto ocurri\u00f3 el viernes 20 de enero al interior de una vivienda en el fraccionamiento Infonavit Arboledas de dicha localidad, ubicada en la regi\u00f3n de las Altas Monta\u00f1as de la entidad.<\/p>\n\n\n\n<p>De acuerdo con testigos, M\u00eda hab\u00eda peleado con su prima, quien agarr\u00f3 un cuchillo de la cocina y se lo enterr\u00f3 por la espalda, ocasion\u00e1ndole una grave herida y una hemorragia.\u00a0<\/p>\n\n\n\n<p>M\u00eda fue atendida por param\u00e9dicos de la Cruz Roja, luego de que los vecinos llamaran al n\u00famero de emergencias 911 para solicitar el apoyo de las corporaciones.<\/p>\n\n\n\n<p>La v\u00edctima fue sacada de su casa y trasladada de urgencias al Hospital General de C\u00f3rdoba, para recibir la atenci\u00f3n m\u00e9dica correspondiente.<\/p>\n\n\n\n<p>Los polic\u00edas turnaron el caso al Sistema para el Desarrollo Integral de la Familia, para que diera seguimiento la Procuradur\u00eda de la Defensa del Menor y \u00e9sta investigue a fondo la agresi\u00f3n que pudo costarle la vida a M\u00eda.<\/p>\n\n\n\n<p>En la misma zona centro de Veracruz, en la comunidad El Tejocote, municipio de La Perla, un ni\u00f1o de 10 a\u00f1os asesin\u00f3 a su amigo Samuel, de 11, tras perder un videojuego de maquinitas, el pasado domingo 15 de enero.<\/p>\n\n\n\n<p>Adem\u00e1s, el martes 17 de enero, un estudiante del Colegio de Bachilleres del Estado de Veracruz (Cobaev) n\u00famero 62 fue asesinado a pu\u00f1aladas para robarle el celular en el puerto de Veracruz, cuando se dirig\u00eda de su escuela hacia su casa.<br>Tras estos hechos, el titular de la Secretar\u00eda de Educaci\u00f3n de Veracruz (SEV), Zenyazen Escobar Garc\u00eda, asegur\u00f3 que se llevar\u00e1n a cabo acciones para evitar este tipo de casos en la entidad.<\/p>\n","protected":false},"excerpt":{"rendered":"<p>Juan Arcos\u00a0 Xalapa, Ver.- Los casos de violencia infantil han aumentado durante los \u00faltimos d\u00edas en el estado de Veracruz. M\u00eda, una adolescente de 14 a\u00f1os, fue herida con un cuchillo en la espalda por su propia prima, tambi\u00e9n menor de edad, en el municipio de C\u00f3rdoba, en la zona centro del estado de Veracruz. [&hellip;]<\/p>\n","protected":false},"author":2476,"featured_media":35772,"comment_status":"open","ping_status":"open","sticky":false,"template":"","format":"standard","meta":{"_jetpack_memberships_contains_paid_content":false,"footnotes":""},"categories":[2],"tags":[],"class_list":["post-35771","post","type-post","status-publish","format-standard","has-post-thumbnail","hentry","category-estado"],"jetpack_featured_media_url":"https:\/\/encuentroinformativo.com.mx\/wp-content\/uploads\/2023\/01\/IMG_3176.jpg","jetpack_sharing_enabled":true,"jetpack_likes_enabled":true,"amp_enabled":true,"_links":{"self":[{"href":"https:\/\/encuentroinformativo.com.mx\/index.php?rest_route=\/wp\/v2\/posts\/35771","targetHints":{"allow":["GET"]}}],"collection":[{"href":"https:\/\/encuentroinformativo.com.mx\/index.php?rest_route=\/wp\/v2\/posts"}],"about":[{"href":"https:\/\/encuentroinformativo.com.mx\/index.php?rest_route=\/wp\/v2\/types\/post"}],"author":[{"embeddable":true,"href":"https:\/\/encuentroinformativo.com.mx\/index.php?rest_route=\/wp\/v2\/users\/2476"}],"replies":[{"embeddable":true,"href":"https:\/\/encuentroinformativo.com.mx\/index.php?rest_route=%2Fwp%2Fv2%2Fcomments&post=35771"}],"version-history":[{"count":1,"href":"https:\/\/encuentroinformativo.com.mx\/index.php?rest_route=\/wp\/v2\/posts\/35771\/revisions"}],"predecessor-version":[{"id":35773,"href":"https:\/\/encuentroinformativo.com.mx\/index.php?rest_route=\/wp\/v2\/posts\/35771\/revisions\/35773"}],"wp:featuredmedia":[{"embeddable":true,"href":"https:\/\/encuentroinformativo.com.mx\/index.php?rest_route=\/wp\/v2\/media\/35772"}],"wp:attachment":[{"href":"https:\/\/encuentroinformativo.com.mx\/index.php?rest_route=%2Fwp%2Fv2%2Fmedia&parent=35771"}],"wp:term":[{"taxonomy":"category","embeddable":true,"href":"https:\/\/encuentroinformativo.com.mx\/index.php?rest_route=%2Fwp%2Fv2%2Fcategories&post=35771"},{"taxonomy":"post_tag","embeddable":true,"href":"https:\/\/encuentroinformativo.com.mx\/index.php?rest_route=%2Fwp%2Fv2%2Ftags&post=35771"}],"curies":[{"name":"wp","href":"https:\/\/api.w.org\/{rel}","templated":true}]}}