{"id":35806,"date":"2023-01-23T13:52:25","date_gmt":"2023-01-23T19:52:25","guid":{"rendered":"https:\/\/encuentroinformativo.com.mx\/?p=35806"},"modified":"2023-01-23T13:52:30","modified_gmt":"2023-01-23T19:52:30","slug":"trabajadores-de-la-upav-reclaman-aumento-salarial","status":"publish","type":"post","link":"https:\/\/encuentroinformativo.com.mx\/?p=35806","title":{"rendered":"Trabajadores de la UPAV reclaman aumento salarial"},"content":{"rendered":"\n<p><strong>Israel Garc\u00eda <\/strong><\/p>\n\n\n\n<p>Xalapa, Ver.- Trabajadores de la Universidad Popular Aut\u00f3noma de Veracruz (UPAV), salen a manifestarse a plaza lerdo, exigiendo aumento,\u00a0 prestaciones, vacaciones entre otros apoyos labores.<\/p>\n\n\n\n<p>Explic\u00f3 Lenin Torres Antonio maestro de la UPAV, licenciado en ciencias de la informaci\u00f3n, que en 11 a\u00f1os que se fund\u00f3 la UPAV, siguen cobrando el mismo salario.<\/p>\n\n\n\n<p>El presidente de la Rep\u00fablica Andr\u00e9s L\u00f3pez Obrador, lo ha dicho en mejorar las condiciones de trabajo para los trabajadores.<\/p>\n\n\n\n<p>La UPAV la han convertido en una caja chica de este gobierno, acus\u00f3. &#8220;Recordemos que el pionero de la upav, fue el maestro Guillermo Z\u00fa\u00f1iga Mart\u00ednez&#8221;.<\/p>\n\n\n\n<figure class=\"wp-block-image size-large\"><img loading=\"lazy\" decoding=\"async\" width=\"1024\" height=\"768\" src=\"https:\/\/encuentroinformativo.com.mx\/wp-content\/uploads\/2023\/01\/Photo_1674502981595-1024x768.jpg\" alt=\"\" class=\"wp-image-35808\" srcset=\"https:\/\/encuentroinformativo.com.mx\/wp-content\/uploads\/2023\/01\/Photo_1674502981595-1024x768.jpg 1024w, https:\/\/encuentroinformativo.com.mx\/wp-content\/uploads\/2023\/01\/Photo_1674502981595-300x225.jpg 300w, https:\/\/encuentroinformativo.com.mx\/wp-content\/uploads\/2023\/01\/Photo_1674502981595-768x576.jpg 768w, https:\/\/encuentroinformativo.com.mx\/wp-content\/uploads\/2023\/01\/Photo_1674502981595.jpg 1040w\" sizes=\"auto, (max-width: 1024px) 100vw, 1024px\" \/><\/figure>\n","protected":false},"excerpt":{"rendered":"<p>Israel Garc\u00eda Xalapa, Ver.- Trabajadores de la Universidad Popular Aut\u00f3noma de Veracruz (UPAV), salen a manifestarse a plaza lerdo, exigiendo aumento,\u00a0 prestaciones, vacaciones entre otros apoyos labores. Explic\u00f3 Lenin Torres Antonio maestro de la UPAV, licenciado en ciencias de la informaci\u00f3n, que en 11 a\u00f1os que se fund\u00f3 la UPAV, siguen cobrando el mismo salario. [&hellip;]<\/p>\n","protected":false},"author":2476,"featured_media":35807,"comment_status":"open","ping_status":"open","sticky":false,"template":"","format":"standard","meta":{"_jetpack_memberships_contains_paid_content":false,"footnotes":""},"categories":[3],"tags":[],"class_list":["post-35806","post","type-post","status-publish","format-standard","has-post-thumbnail","hentry","category-xalapa"],"jetpack_featured_media_url":"https:\/\/encuentroinformativo.com.mx\/wp-content\/uploads\/2023\/01\/Photo_1674503039323.jpg","jetpack_sharing_enabled":true,"jetpack_likes_enabled":true,"amp_enabled":true,"_links":{"self":[{"href":"https:\/\/encuentroinformativo.com.mx\/index.php?rest_route=\/wp\/v2\/posts\/35806","targetHints":{"allow":["GET"]}}],"collection":[{"href":"https:\/\/encuentroinformativo.com.mx\/index.php?rest_route=\/wp\/v2\/posts"}],"about":[{"href":"https:\/\/encuentroinformativo.com.mx\/index.php?rest_route=\/wp\/v2\/types\/post"}],"author":[{"embeddable":true,"href":"https:\/\/encuentroinformativo.com.mx\/index.php?rest_route=\/wp\/v2\/users\/2476"}],"replies":[{"embeddable":true,"href":"https:\/\/encuentroinformativo.com.mx\/index.php?rest_route=%2Fwp%2Fv2%2Fcomments&post=35806"}],"version-history":[{"count":1,"href":"https:\/\/encuentroinformativo.com.mx\/index.php?rest_route=\/wp\/v2\/posts\/35806\/revisions"}],"predecessor-version":[{"id":35809,"href":"https:\/\/encuentroinformativo.com.mx\/index.php?rest_route=\/wp\/v2\/posts\/35806\/revisions\/35809"}],"wp:featuredmedia":[{"embeddable":true,"href":"https:\/\/encuentroinformativo.com.mx\/index.php?rest_route=\/wp\/v2\/media\/35807"}],"wp:attachment":[{"href":"https:\/\/encuentroinformativo.com.mx\/index.php?rest_route=%2Fwp%2Fv2%2Fmedia&parent=35806"}],"wp:term":[{"taxonomy":"category","embeddable":true,"href":"https:\/\/encuentroinformativo.com.mx\/index.php?rest_route=%2Fwp%2Fv2%2Fcategories&post=35806"},{"taxonomy":"post_tag","embeddable":true,"href":"https:\/\/encuentroinformativo.com.mx\/index.php?rest_route=%2Fwp%2Fv2%2Ftags&post=35806"}],"curies":[{"name":"wp","href":"https:\/\/api.w.org\/{rel}","templated":true}]}}