{"id":3581,"date":"2020-06-24T08:27:44","date_gmt":"2020-06-24T13:27:44","guid":{"rendered":"https:\/\/encuentroinformativo.com\/?p=3581"},"modified":"2020-06-24T08:27:46","modified_gmt":"2020-06-24T13:27:46","slug":"son-4-cuic-cuatro","status":"publish","type":"post","link":"https:\/\/encuentroinformativo.com.mx\/?p=3581","title":{"rendered":"\u00a1Son 4, Cuic! \u00a1Cuatro!"},"content":{"rendered":"\n<p><strong>Los Pol\u00edticos<\/strong><\/p>\n\n\n\n<p><strong>Salvador Mu\u00f1oz<\/strong><br><\/p>\n\n\n\n<p>La Sesi\u00f3n Legislativa del lunes tra\u00eda ya de por s\u00ed, cierto aire morboso por el asunto de la Reforma Electoral que por lo mismo, muchos pasaron por alto ciertos detalles que debieran ser considerados tremendos sem\u00e1foros rojos tanto para el Poder Ejecutivo como para el Legislativo. Me refiero al llamado de atenci\u00f3n que hicieron tres diputados de distintos partidos pol\u00edticos con relaci\u00f3n al trabajo de cuatro secretarios de despacho del Gobierno estatal. Se adereza m\u00e1s cuando dos de esa tercia de legisladores son \u201caliados\u201d por as\u00ed decirlo, del Poder en turno.<\/p>\n\n\n\n<p>Los secretarios cuestionados fueron Roberto Ramos Alor, Elio Hern\u00e1ndez Guti\u00e9rrez, Hugo Guti\u00e9rrez Maldonado y Eric Cisneros Burgos. Quienes les pusieron el dedo fueron en el orden respectivo, Juan Manuel de Unanue, Gonzalo Gu\u00edzar Valladares y Jos\u00e9 Magdaleno Rosales Torres; del PAN, PES y Morena. Hay que resaltar que es el moreno quien arrea con el de Seguridad P\u00fablica y Bola 8 en sus se\u00f1alamientos, es decir, dos de un jal\u00f3n.<\/p>\n\n\n\n<p>Llama la atenci\u00f3n algo m\u00e1s:<br>1.- Si bien, por motivos de la pandemia y la situaci\u00f3n que ha sido expuesta por diversos sectores de Salud, se entienden los se\u00f1alamientos contra Ramos Alor\u2026<\/p>\n\n\n\n<p>2.- Del mismo modo, por ser un sector que por una acci\u00f3n, puede saltar al abuso de autoridad, se comprende que siempre surja Seguridad P\u00fablica\u2026<\/p>\n\n\n\n<p>Lo que no se entiende son los dos siguientes puntos, y se dice no entender, porque no son habituales que sean tra\u00eddos por sus acciones al Congreso local\u2026<\/p>\n\n\n\n<p>3.- \u00bfQu\u00e9 hace el secretario de Obras e Infraestructura para que se haga un exhorto donde se pida su comparecencia ante los Diputados?<\/p>\n\n\n\n<p>4.- \u00bfO qu\u00e9 dej\u00f3 de hacer el secretario de Gobierno para que pidan se aplique con sus subordinados?<\/p>\n\n\n\n<p>Como sea, ninguno de los cuatro secretarios de despacho la libra f\u00e1cilmente ante lo expuesto en la Tribuna de Veracruz que a continuaci\u00f3n, en breves l\u00edneas, se replica:<\/p>\n\n\n\n<p>a.- A Roberto Ramos Alor no lo baj\u00f3 de \u201cincapaz\u201d Juan Manuel de Unanue por su corta visi\u00f3n en la atenci\u00f3n de la pandemia y sobre todo, por no ejercer el presupuesto en pro de los activos del Sector Salud (m\u00e9dicos, doctoras, enfermeros, camilleros y dem\u00e1s) que est\u00e1n en la Primera L\u00ednea atendiendo a enfermos por Covid-19; punto aparte es la propuesta de otorgar est\u00edmulos salariales o bonificaciones como reconocimiento a su esfuerzo y entrega, tanto al personal m\u00e9dico en activo, como a los familiares directos de aquellos que han dado su vida procurando nuestra salud. igual solicit\u00f3 Unanue la colocaci\u00f3n en el muro de honor del Congreso, la leyenda en letras de oro: \u201cA los h\u00e9roes de los servicios de salud de Veracruz\u201d.<\/p>\n\n\n\n<p>b.- Maleno Rosales critic\u00f3 por cuarta ocasi\u00f3n en la Tribuna, el papel arbitrario y prepotente de las huestes del secretario de Seguridad P\u00fablica, siendo la m\u00e1s reciente contra pobladores de Loma Grande, a quienes arremetieron sin importar que entre ellos, hubiera mujeres, ni\u00f1os y personas de la tercera edad\u2026 lo curioso es que siendo un Diputado local, una figura con mayor representatividad que cualquier secretario de despacho, Guti\u00e9rrez Maldonado jam\u00e1s se ha dignado a atender al legislador ni a responderle.<\/p>\n\n\n\n<p>c.- El mismo Maleno se\u00f1al\u00f3 la indiferencia de funcionarios de Pol\u00edtica Regional ante el embate de Seguridad P\u00fablica contra habitantes de Loma Grande, cuando la principal funci\u00f3n de estos pol\u00edticos es hacer pol\u00edtica, el di\u00e1logo, el consenso, el acuerdo; por eso llam\u00f3 al secretario de Gobierno que act\u00fae ante la desidia de su personal\u2026 pero qu\u00e9 puede esperar Maleno de quien se supone debe hacer la pol\u00edtica en Veracruz y prefiere hacer \u201cespots tur\u00edsticos\u201d en RTV\u2026<\/p>\n\n\n\n<p>d.- Y por \u00faltimo, Gonzalo Gu\u00edzar Valladares que se\u00f1ala sospechas de corrupci\u00f3n y negligencia por parte de la SIOP que encabeza Elio Hern\u00e1ndez Guti\u00e9rrez, que ha dejado por un lado, incomunicados en Cerro de Nanchital; desplazadas las constructoras de Coatzacoalcos para darle prioridad a una de Morelos; y por \u00faltimo, la muerte de una ni\u00f1a en una obra ya pagada, sin concluir y sin se\u00f1alamientos en el bulevar C\u00f3rdoba-Pe\u00f1uela.<\/p>\n\n\n\n<p>S\u00ed, quiz\u00e1 el morbo que hab\u00eda en torno a la Reforma Electoral hizo que pasara desapercibida la pronunciaci\u00f3n en contra de cuatro secretarios de despacho del Gobierno de Cuitl\u00e1huac por parte de diputados locales, de diversos partidos, pero en las que sus quejas, ninguna de ellas, tiene desperdicio\u2026 lamentablemente para los veracruzanos. Habr\u00e1 que esperar la respuesta a los exhortos demandados y tambi\u00e9n, la respuesta del Gobernador\u2026 no es uno o dos, sino cuatro de sus secretarios los se\u00f1alados\u2026<br><\/p>\n\n\n\n<p><a href=\"mailto:smcainito@gmail.com\" target=\"_blank\" rel=\"noreferrer noopener\">smcainito@gmail.com<\/a><\/p>\n\n\n\n<p><\/p>\n","protected":false},"excerpt":{"rendered":"<p>Los Pol\u00edticos Salvador Mu\u00f1oz La Sesi\u00f3n Legislativa del lunes tra\u00eda ya de por s\u00ed, cierto aire morboso por el asunto de la Reforma Electoral que por lo mismo, muchos pasaron por alto ciertos detalles que debieran ser considerados tremendos sem\u00e1foros rojos tanto para el Poder Ejecutivo como para el Legislativo. Me refiero al llamado de [&hellip;]<\/p>\n","protected":false},"author":1,"featured_media":387,"comment_status":"open","ping_status":"open","sticky":false,"template":"","format":"standard","meta":{"_jetpack_memberships_contains_paid_content":false,"footnotes":""},"categories":[11],"tags":[],"class_list":["post-3581","post","type-post","status-publish","format-standard","has-post-thumbnail","hentry","category-opinion"],"jetpack_featured_media_url":"https:\/\/encuentroinformativo.com.mx\/wp-content\/uploads\/2020\/03\/7CF8A22B-2764-47BE-8F7F-38FE9E5D6A2F.jpeg","jetpack_sharing_enabled":true,"jetpack_likes_enabled":true,"amp_enabled":true,"_links":{"self":[{"href":"https:\/\/encuentroinformativo.com.mx\/index.php?rest_route=\/wp\/v2\/posts\/3581","targetHints":{"allow":["GET"]}}],"collection":[{"href":"https:\/\/encuentroinformativo.com.mx\/index.php?rest_route=\/wp\/v2\/posts"}],"about":[{"href":"https:\/\/encuentroinformativo.com.mx\/index.php?rest_route=\/wp\/v2\/types\/post"}],"author":[{"embeddable":true,"href":"https:\/\/encuentroinformativo.com.mx\/index.php?rest_route=\/wp\/v2\/users\/1"}],"replies":[{"embeddable":true,"href":"https:\/\/encuentroinformativo.com.mx\/index.php?rest_route=%2Fwp%2Fv2%2Fcomments&post=3581"}],"version-history":[{"count":1,"href":"https:\/\/encuentroinformativo.com.mx\/index.php?rest_route=\/wp\/v2\/posts\/3581\/revisions"}],"predecessor-version":[{"id":3582,"href":"https:\/\/encuentroinformativo.com.mx\/index.php?rest_route=\/wp\/v2\/posts\/3581\/revisions\/3582"}],"wp:featuredmedia":[{"embeddable":true,"href":"https:\/\/encuentroinformativo.com.mx\/index.php?rest_route=\/wp\/v2\/media\/387"}],"wp:attachment":[{"href":"https:\/\/encuentroinformativo.com.mx\/index.php?rest_route=%2Fwp%2Fv2%2Fmedia&parent=3581"}],"wp:term":[{"taxonomy":"category","embeddable":true,"href":"https:\/\/encuentroinformativo.com.mx\/index.php?rest_route=%2Fwp%2Fv2%2Fcategories&post=3581"},{"taxonomy":"post_tag","embeddable":true,"href":"https:\/\/encuentroinformativo.com.mx\/index.php?rest_route=%2Fwp%2Fv2%2Ftags&post=3581"}],"curies":[{"name":"wp","href":"https:\/\/api.w.org\/{rel}","templated":true}]}}