{"id":35814,"date":"2023-01-23T10:18:18","date_gmt":"2023-01-23T16:18:18","guid":{"rendered":"https:\/\/encuentroinformativo.com.mx\/?p=35814"},"modified":"2023-01-23T14:22:33","modified_gmt":"2023-01-23T20:22:33","slug":"lamenta-senador-ola-de-violencia-en-veracruz","status":"publish","type":"post","link":"https:\/\/encuentroinformativo.com.mx\/?p=35814","title":{"rendered":"Lamenta senador ola de violencia en Veracruz"},"content":{"rendered":"\n<p><strong>Alejandro \u00c1vila<\/strong><\/p>\n\n\n\n<p>Boca del R\u00edo, Ver.- El Senador, Julen Rementer\u00eda del Puerto lament\u00f3 la ola de violencia que se vive en el estado de Veracruz.<\/p>\n\n\n\n<p>De la misma manera acus\u00f3 que est\u00e1 creciente violencia en la entidad veracruzana ya est\u00e1 involucrando a familias y a menores de edad, &#8221; esto debe de llamar la atenci\u00f3n y se debe de condenar&#8221;.<\/p>\n\n\n\n<p>&#8220;Lamentablemente esto se viene a dar en un Estado que, pues antes, hace algunos a\u00f1os, no presentaba de manera tan repetida c\u00f3mo se hace ahora, pues circunstancias de violencia a los extremos. Hoy somos ya l\u00edderes en algunos delitos a nivel nacional, lamentablemente, hoy lo que tenemos es una ausencia de gobierno del estado al menos, de una coordinaci\u00f3n efectiva para lograr que estos \u00edndices de delincuencia se pueden abatir, y que la impunidad no sea la que campee&#8221;, asest\u00f3.<\/p>\n\n\n\n<p>El coordinador del Grupo Parlamentario del PAN en el Senado de la Rep\u00fablica, expuso que seg\u00fan un \u00faltimo reporte obtenido, en Veracruz hay un 93 por ciento de impunidad.<\/p>\n\n\n\n<p>&#8220;Estamos hablando de que de cada 100 delitos en Veracruz, no se llevan a juicio, no se detienen a 93 personas de cada 100, solo 7 tiene la posibilidad de ser detenidos, me parece que esto es baj\u00edsimo y habla de un nivel de inseguridad en los extremos que no debemos permitir en Veracruz&#8221;, remat\u00f3.<\/p>\n","protected":false},"excerpt":{"rendered":"<p>Alejandro \u00c1vila Boca del R\u00edo, Ver.- El Senador, Julen Rementer\u00eda del Puerto lament\u00f3 la ola de violencia que se vive en el estado de Veracruz. De la misma manera acus\u00f3 que est\u00e1 creciente violencia en la entidad veracruzana ya est\u00e1 involucrando a familias y a menores de edad, &#8221; esto debe de llamar la atenci\u00f3n [&hellip;]<\/p>\n","protected":false},"author":2476,"featured_media":35815,"comment_status":"open","ping_status":"open","sticky":false,"template":"","format":"standard","meta":{"_jetpack_memberships_contains_paid_content":false,"footnotes":""},"categories":[2],"tags":[],"class_list":["post-35814","post","type-post","status-publish","format-standard","has-post-thumbnail","hentry","category-estado"],"jetpack_featured_media_url":"https:\/\/encuentroinformativo.com.mx\/wp-content\/uploads\/2023\/01\/IMG-20230123-WA0078.jpg","jetpack_sharing_enabled":true,"jetpack_likes_enabled":true,"amp_enabled":true,"_links":{"self":[{"href":"https:\/\/encuentroinformativo.com.mx\/index.php?rest_route=\/wp\/v2\/posts\/35814","targetHints":{"allow":["GET"]}}],"collection":[{"href":"https:\/\/encuentroinformativo.com.mx\/index.php?rest_route=\/wp\/v2\/posts"}],"about":[{"href":"https:\/\/encuentroinformativo.com.mx\/index.php?rest_route=\/wp\/v2\/types\/post"}],"author":[{"embeddable":true,"href":"https:\/\/encuentroinformativo.com.mx\/index.php?rest_route=\/wp\/v2\/users\/2476"}],"replies":[{"embeddable":true,"href":"https:\/\/encuentroinformativo.com.mx\/index.php?rest_route=%2Fwp%2Fv2%2Fcomments&post=35814"}],"version-history":[{"count":1,"href":"https:\/\/encuentroinformativo.com.mx\/index.php?rest_route=\/wp\/v2\/posts\/35814\/revisions"}],"predecessor-version":[{"id":35816,"href":"https:\/\/encuentroinformativo.com.mx\/index.php?rest_route=\/wp\/v2\/posts\/35814\/revisions\/35816"}],"wp:featuredmedia":[{"embeddable":true,"href":"https:\/\/encuentroinformativo.com.mx\/index.php?rest_route=\/wp\/v2\/media\/35815"}],"wp:attachment":[{"href":"https:\/\/encuentroinformativo.com.mx\/index.php?rest_route=%2Fwp%2Fv2%2Fmedia&parent=35814"}],"wp:term":[{"taxonomy":"category","embeddable":true,"href":"https:\/\/encuentroinformativo.com.mx\/index.php?rest_route=%2Fwp%2Fv2%2Fcategories&post=35814"},{"taxonomy":"post_tag","embeddable":true,"href":"https:\/\/encuentroinformativo.com.mx\/index.php?rest_route=%2Fwp%2Fv2%2Ftags&post=35814"}],"curies":[{"name":"wp","href":"https:\/\/api.w.org\/{rel}","templated":true}]}}