{"id":35818,"date":"2023-01-23T14:25:56","date_gmt":"2023-01-23T20:25:56","guid":{"rendered":"https:\/\/encuentroinformativo.com.mx\/?p=35818"},"modified":"2023-01-23T14:26:00","modified_gmt":"2023-01-23T20:26:00","slug":"hecho-aislado-la-balacera-de-veracruz-gobernador","status":"publish","type":"post","link":"https:\/\/encuentroinformativo.com.mx\/?p=35818","title":{"rendered":"&#8220;Hecho aislado&#8221; la balacera de Veracruz: Gobernador"},"content":{"rendered":"\n<p><strong>Alejandro \u00c1vila<\/strong><\/p>\n\n\n\n<p>Boca del R\u00edo, Ver.- El hecho delictivo ocurrido el domingo por la tarde en el puerto de Veracruz d\u00f3nde fueron asesinadas 6 personas, entre ellas dos menores, es un &#8220;hecho aislado y ajuste de cuentas&#8221;, dijo el gobernador, Cuitl\u00e1huac Garc\u00eda Jim\u00e9nez.<\/p>\n\n\n\n<p>La tarde de este lunes ofreci\u00f3 una rueda de prensa en el <em>World Trade Center <\/em>de Boca del R\u00edo donde mencion\u00f3 qu\u00e9, el hecho violento lo realizaron un presunto jefe de plaza del municipio de Espinal conocido como &#8220;Pino&#8221; y otro grupo delincuencial que operan Poza Rica.<\/p>\n\n\n\n<p>Sobre lo sucedido, lament\u00f3 que en este ataque directo hayan fallecido dos menores de edad, ya que dijo independiente de las acciones de sus padres ellos son los menos culpables.<\/p>\n\n\n\n<p>Garc\u00eda Jim\u00e9nez, mencion\u00f3 tambi\u00e9n que presuntamente &#8220;Pino&#8221; iba en la camioneta y huy\u00f3 del lugar en el taxi.<\/p>\n\n\n\n<p>Sobre el ch\u00f3fer del taxi, el gobernador dio a entender que se trat\u00f3 de un &#8220;da\u00f1o colateral&#8221;, por lo que dijo es un alivio que se encuentre fuera de peligro.<\/p>\n\n\n\n<p>Mientras que el ch\u00f3fer de la camioneta y la versi\u00f3n sobre que era un maestro ind\u00edgena, remarc\u00f3 que al ir manejando la camioneta de un l\u00edder de plaza no puede ser ajeno al tema.<\/p>\n\n\n\n<p>El mandatario estatal, reiter\u00f3 que se trata de un hecho aislado, aunque asegur\u00f3 que &#8220;vamos contra todos porque en este hecho hay v\u00edctimas&#8221;.<\/p>\n\n\n\n<p>En ese sentido, destac\u00f3 que habr\u00e1 coordinaci\u00f3n con las fuerzas de seguridad de los tres ordenes de gobierno.<\/p>\n\n\n\n<p>Sobre los retenes, dijo que por el momento se mantendr\u00e1n, aunque conforme avance el operativo se har\u00e1n de forma aleatoria, adem\u00e1s de que realizar\u00e1n otras acciones que ya fueron establecidas en la mesa de seguridad.<\/p>\n","protected":false},"excerpt":{"rendered":"<p>Alejandro \u00c1vila Boca del R\u00edo, Ver.- El hecho delictivo ocurrido el domingo por la tarde en el puerto de Veracruz d\u00f3nde fueron asesinadas 6 personas, entre ellas dos menores, es un &#8220;hecho aislado y ajuste de cuentas&#8221;, dijo el gobernador, Cuitl\u00e1huac Garc\u00eda Jim\u00e9nez. La tarde de este lunes ofreci\u00f3 una rueda de prensa en el [&hellip;]<\/p>\n","protected":false},"author":2476,"featured_media":35819,"comment_status":"open","ping_status":"open","sticky":false,"template":"","format":"standard","meta":{"_jetpack_memberships_contains_paid_content":false,"footnotes":""},"categories":[2],"tags":[],"class_list":["post-35818","post","type-post","status-publish","format-standard","has-post-thumbnail","hentry","category-estado"],"jetpack_featured_media_url":"https:\/\/encuentroinformativo.com.mx\/wp-content\/uploads\/2023\/01\/IMG-20230123-WA00702.jpg","jetpack_sharing_enabled":true,"jetpack_likes_enabled":true,"amp_enabled":true,"_links":{"self":[{"href":"https:\/\/encuentroinformativo.com.mx\/index.php?rest_route=\/wp\/v2\/posts\/35818","targetHints":{"allow":["GET"]}}],"collection":[{"href":"https:\/\/encuentroinformativo.com.mx\/index.php?rest_route=\/wp\/v2\/posts"}],"about":[{"href":"https:\/\/encuentroinformativo.com.mx\/index.php?rest_route=\/wp\/v2\/types\/post"}],"author":[{"embeddable":true,"href":"https:\/\/encuentroinformativo.com.mx\/index.php?rest_route=\/wp\/v2\/users\/2476"}],"replies":[{"embeddable":true,"href":"https:\/\/encuentroinformativo.com.mx\/index.php?rest_route=%2Fwp%2Fv2%2Fcomments&post=35818"}],"version-history":[{"count":1,"href":"https:\/\/encuentroinformativo.com.mx\/index.php?rest_route=\/wp\/v2\/posts\/35818\/revisions"}],"predecessor-version":[{"id":35820,"href":"https:\/\/encuentroinformativo.com.mx\/index.php?rest_route=\/wp\/v2\/posts\/35818\/revisions\/35820"}],"wp:featuredmedia":[{"embeddable":true,"href":"https:\/\/encuentroinformativo.com.mx\/index.php?rest_route=\/wp\/v2\/media\/35819"}],"wp:attachment":[{"href":"https:\/\/encuentroinformativo.com.mx\/index.php?rest_route=%2Fwp%2Fv2%2Fmedia&parent=35818"}],"wp:term":[{"taxonomy":"category","embeddable":true,"href":"https:\/\/encuentroinformativo.com.mx\/index.php?rest_route=%2Fwp%2Fv2%2Fcategories&post=35818"},{"taxonomy":"post_tag","embeddable":true,"href":"https:\/\/encuentroinformativo.com.mx\/index.php?rest_route=%2Fwp%2Fv2%2Ftags&post=35818"}],"curies":[{"name":"wp","href":"https:\/\/api.w.org\/{rel}","templated":true}]}}