{"id":35825,"date":"2023-01-23T15:24:07","date_gmt":"2023-01-23T21:24:07","guid":{"rendered":"https:\/\/encuentroinformativo.com.mx\/?p=35825"},"modified":"2023-01-23T15:59:46","modified_gmt":"2023-01-23T21:59:46","slug":"aumentan-asaltos-en-sitios-turisticos-de-coatepec","status":"publish","type":"post","link":"https:\/\/encuentroinformativo.com.mx\/?p=35825","title":{"rendered":"Aumentan asaltos en sitios tur\u00edsticos de Coatepec"},"content":{"rendered":"\n<p><strong>Juan Arcos <\/strong><\/p>\n\n\n\n<p>Coatepec, Ver.- Los sitios tur\u00edsticos del municipio de Coatepec se han convertido en zonas de alto riesgo por inseguridad para los pobladores y visitantes.<\/p>\n\n\n\n<p>Evelyn L\u00f3pez Guevara y otra mujer fueron v\u00edctimas de un asalto en la cascada \u201cBola de Oro\u201d, el pasado jueves 19 de enero. Su perro, un husky de siete meses de edad, de nombre \u201cM\u00edo\u201d, las defendi\u00f3 y muri\u00f3 de un balazo detonado por el delincuente.<\/p>\n\n\n\n<p>A ra\u00edz de estos hechos, Evelyn inici\u00f3 la campa\u00f1a en redes sociales \u201c#JusticiaParaM\u00edo\u201d, para levantar la voz por la inseguridad en espacios tur\u00edsticos.<\/p>\n\n\n\n<p>Con lo anterior, la chica tambi\u00e9n protest\u00f3 en el kiosco del parque \u201cMiguel Hidalgo\u201d, en el centro del Pueblo M\u00e1gico, la tarde del domingo 22 de enero, para solicitar a la ciudadan\u00eda en general a que se sume al reclamo social.<\/p>\n\n\n\n<p>Exigi\u00f3 al gobierno municipal, que encabeza Raymundo Andrade Rivera, que sean instaladas casetas con vigilancia permanente en los distintos sitios tur\u00edsticos de Coatepec.<\/p>\n\n\n\n<p>\u201cQue tengan lo necesario para defender la seguridad del ciudadano y el turista. Tambi\u00e9n pedimos alarma SOS tanto en casetas como en puntos estrat\u00e9gicos\u201d, enfatiz\u00f3.<\/p>\n\n\n\n<p>La v\u00edctima reclam\u00f3 la presencia de personal de seguridad capacitado en las distintas casetas para la atenci\u00f3n de cualquier incidente.<\/p>\n\n\n\n<p>\u201cPedimos conexi\u00f3n entre la polic\u00eda municipal y estatal con la caseta de seguridad y guardazonas\u201d, manifest\u00f3 Evelyn L\u00f3pez.<\/p>\n\n\n\n<p>La mujer consider\u00f3 necesaria la implementaci\u00f3n de un \u201canillo de seguridad\u201d en dichas zonas, para que, en caso de no haber personal de vigilancia en las casetas, se informe a los visitantes esta situaci\u00f3n.<\/p>\n\n\n\n<p>\u201cEs el punto m\u00e1s importante. Se mantenga informado al turista o ciudadano por las v\u00edas de acceso com\u00fan, que no se encuentra nadie en dicha caseta y que si se acude es por propio riesgo, y que esa zona se encuentra completamente vulnerable\u201d, enfatiz\u00f3.<\/p>\n\n\n\n<p>Hasta el momento, el ayuntamiento de Coatepec no ha fijado una postura sobre los incidentes de inseguridad que se han registrado recientemente.<br>Desde hace a\u00f1os, los pobladores han denunciado que tambi\u00e9n el Cerro de las Culebras es un lugar inseguro, donde han ocurrido asaltos a mano armada.<\/p>\n\n\n\n<figure class=\"wp-block-image size-large\"><img loading=\"lazy\" decoding=\"async\" width=\"1024\" height=\"768\" src=\"https:\/\/encuentroinformativo.com.mx\/wp-content\/uploads\/2023\/01\/IMG_0263-1024x768.jpg\" alt=\"\" class=\"wp-image-35826\" srcset=\"https:\/\/encuentroinformativo.com.mx\/wp-content\/uploads\/2023\/01\/IMG_0263-1024x768.jpg 1024w, https:\/\/encuentroinformativo.com.mx\/wp-content\/uploads\/2023\/01\/IMG_0263-300x225.jpg 300w, https:\/\/encuentroinformativo.com.mx\/wp-content\/uploads\/2023\/01\/IMG_0263-768x576.jpg 768w, https:\/\/encuentroinformativo.com.mx\/wp-content\/uploads\/2023\/01\/IMG_0263.jpg 1170w\" sizes=\"auto, (max-width: 1024px) 100vw, 1024px\" \/><\/figure>\n","protected":false},"excerpt":{"rendered":"<p>Juan Arcos Coatepec, Ver.- Los sitios tur\u00edsticos del municipio de Coatepec se han convertido en zonas de alto riesgo por inseguridad para los pobladores y visitantes. Evelyn L\u00f3pez Guevara y otra mujer fueron v\u00edctimas de un asalto en la cascada \u201cBola de Oro\u201d, el pasado jueves 19 de enero. Su perro, un husky de siete [&hellip;]<\/p>\n","protected":false},"author":2476,"featured_media":35826,"comment_status":"open","ping_status":"open","sticky":false,"template":"","format":"standard","meta":{"_jetpack_memberships_contains_paid_content":false,"footnotes":""},"categories":[8],"tags":[],"class_list":["post-35825","post","type-post","status-publish","format-standard","has-post-thumbnail","hentry","category-region"],"jetpack_featured_media_url":"https:\/\/encuentroinformativo.com.mx\/wp-content\/uploads\/2023\/01\/IMG_0263.jpg","jetpack_sharing_enabled":true,"jetpack_likes_enabled":true,"amp_enabled":true,"_links":{"self":[{"href":"https:\/\/encuentroinformativo.com.mx\/index.php?rest_route=\/wp\/v2\/posts\/35825","targetHints":{"allow":["GET"]}}],"collection":[{"href":"https:\/\/encuentroinformativo.com.mx\/index.php?rest_route=\/wp\/v2\/posts"}],"about":[{"href":"https:\/\/encuentroinformativo.com.mx\/index.php?rest_route=\/wp\/v2\/types\/post"}],"author":[{"embeddable":true,"href":"https:\/\/encuentroinformativo.com.mx\/index.php?rest_route=\/wp\/v2\/users\/2476"}],"replies":[{"embeddable":true,"href":"https:\/\/encuentroinformativo.com.mx\/index.php?rest_route=%2Fwp%2Fv2%2Fcomments&post=35825"}],"version-history":[{"count":2,"href":"https:\/\/encuentroinformativo.com.mx\/index.php?rest_route=\/wp\/v2\/posts\/35825\/revisions"}],"predecessor-version":[{"id":35835,"href":"https:\/\/encuentroinformativo.com.mx\/index.php?rest_route=\/wp\/v2\/posts\/35825\/revisions\/35835"}],"wp:featuredmedia":[{"embeddable":true,"href":"https:\/\/encuentroinformativo.com.mx\/index.php?rest_route=\/wp\/v2\/media\/35826"}],"wp:attachment":[{"href":"https:\/\/encuentroinformativo.com.mx\/index.php?rest_route=%2Fwp%2Fv2%2Fmedia&parent=35825"}],"wp:term":[{"taxonomy":"category","embeddable":true,"href":"https:\/\/encuentroinformativo.com.mx\/index.php?rest_route=%2Fwp%2Fv2%2Fcategories&post=35825"},{"taxonomy":"post_tag","embeddable":true,"href":"https:\/\/encuentroinformativo.com.mx\/index.php?rest_route=%2Fwp%2Fv2%2Ftags&post=35825"}],"curies":[{"name":"wp","href":"https:\/\/api.w.org\/{rel}","templated":true}]}}