{"id":3583,"date":"2020-06-24T09:12:14","date_gmt":"2020-06-24T14:12:14","guid":{"rendered":"https:\/\/encuentroinformativo.com\/?p=3583"},"modified":"2020-06-24T09:12:17","modified_gmt":"2020-06-24T14:12:17","slug":"veracruz-como-ecuador-migrantes-vienen-con-covid19","status":"publish","type":"post","link":"https:\/\/encuentroinformativo.com.mx\/?p=3583","title":{"rendered":"\u00bfVERACRUZ COMO ECUADOR?; MIGRANTES VIENEN\u2026 CON COVID19"},"content":{"rendered":"\n<ul class=\"wp-block-list\"><li>Cultura de la paz, porfis.<\/li><li>Don Edel no pedir\u00e1 ser ratificado como magistrado.<\/li><li>Devuelven depas al concu\u00f1o de Duarte<\/li><\/ul>\n\n\n\n<p>Que las medidas contra los &#8220;factureros&#8221; son bien vistas hasta por los cr\u00edticos de AMLO<br>\n&#8211;Chopenjawer<\/p>\n\n\n\n<p>\u00bfA poco la situaci\u00f3n en Veracruz est\u00e1 tan canija que de plano estamos llegando al nivel de Ecuador, donde tiraban los cad\u00e1veres infectados de coronavirus en las calles?<\/p>\n\n\n\n<p>Nos preguntamos lo anterior por una nota de la reportera Cinthya Trinidad que fue publicada en el portal Versiones, donde informa que el lunes por la ma\u00f1ana, un hombre fue literalmente arrojado de un taxi, para morir minutos despu\u00e9s en la calle, con sospecha de haber sido v\u00edctima de Covid-19.<\/p>\n\n\n\n<p>Esto sucedi\u00f3 justo a la altura del ret\u00e9n de revisi\u00f3n por Covid-19 en el municipio de Tuxpan, donde minutos antes, la persona fallecida estaba siendo bajada de un taxi procedente de Poza Rica.<\/p>\n\n\n\n<p>&#8220;De acuerdo a la informaci\u00f3n proporcionada el hombre hab\u00eda sido dado de alta del hospital del IMSS de Poza Rica, su esposa, quien ten\u00eda domicilio en Tuxpan, inform\u00f3 que le diagnosticaron &#8216;neumon\u00eda at\u00edpica&#8217;\u2026 Al llegar al puesto de vigilancia, justo a la entrada del puente Tuxpan, trataban de bajar al masculino de 52 a\u00f1os de edad, que ya se encontraba casi inconsciente y con mucha dificultad para respirar\u2026 Al bajarlo fue colocado en el piso, boca, arriba donde falleci\u00f3 minutos despu\u00e9s&#8221;.<\/p>\n\n\n\n<p>El reporte nos recuerda a las im\u00e1genes en video, que dieron vuelta al mundo, donde se ve\u00eda a ecuatorianos tirando los cuerpos en las calles, porque de plano ya estaban rebasados, tanto en servicios m\u00e9dicos, como en funerarias.<\/p>\n\n\n\n<p>Por cierto, este martes tambi\u00e9n se dio a conocer que en plena pandemia, una nueva caravana de migrantes se alista para ingresar a M\u00e9xico el 30 de junio en busca de llegar a Estados Unidos\u2026 \u00bfY qu\u00e9 cree? Estiman que al menos el 30% de las personas que vienen ah\u00ed est\u00e1n contagiadas por COVID.<\/p>\n\n\n\n<p>Lo anterior lo dio a conocer Luis Villagr\u00e1n, activista en el tema migratorio, en entrevista con Azucena Uresti para Radio F\u00f3rmula, quien detall\u00f3 que los migrantes se encuentran concentrados en Guatemala en espera de que las fronteras se abran para partir a suelo nacional.<\/p>\n\n\n\n<p>La nota en el portal detalla: &#8220;Est\u00e1n en Honduras, Guatemala y en El Salvador, estaban hace dos o tres meses en Panam\u00e1 y Costa Rica han venido avanzando y est\u00e1n ya listos para cuando se abra la frontera y pasar a nuestro pa\u00eds de manera conjunta, pero no, van a pasar por caminos de extrav\u00edo a trav\u00e9s de la corrupci\u00f3n que hay en las fronteras porosas para avanzar por nuestro territorio con un n\u00famero significativo de gente con COVID&#8221;.<\/p>\n\n\n\n<p>Y s\u00ed, seguramente pasar\u00e1n por Veracruz.<\/p>\n\n\n\n<p><strong>NOTA PARA PEGAR EN EL REFRI: <\/strong>Que ser\u00eda muy lamentable que en lugar de promover la cultura de la paz, se apoyen a grupos radicales para causar desmanes como los de la marcha &#8220;contra la violencia&#8221; que termin\u00f3 en vandalismo y\u2026 violencia. Definitivamente tiene que haber orden y &#8220;manotazo&#8221;, porque alentar o proteger a estos civiles que se manifiestan como anarquistas no ayuda en nada, as\u00ed que cuidado, porque quien se mete a la cocina, puede salir quemado o quemada o &#8220;quemede&#8221;.<\/p>\n\n\n\n<p><strong>OTRA NOTA<\/strong>: El magistrado Edel \u00c1lvarez Pe\u00f1a no solicitar\u00e1 ser ratificado otros 5 a\u00f1os como magistrado del Tribunal Superior de Justicia en el Estado. Lo anterior, seg\u00fan informaci\u00f3n del portal Versiones.com.mx, que detalla: &#8220;el 30 de junio de este a\u00f1o vencer\u00e1 el plazo de diez a\u00f1os para el cual fueron elegidos cuatro magistrados veracruzanos. Estos jurisconsultos, de acuerdo con la Constituci\u00f3n Pol\u00edtica del Estado de Veracruz, tienen derecho a solicitar una ratificaci\u00f3n por otros 5 a\u00f1os m\u00e1s, pero se sabe de inmejorable fuente que el Magistrado y ex Presidente del Tribunal Superior de Justicia del Estado, Edel \u00c1lvarez Pe\u00f1a, es el \u00fanico de estos 4 que ha decidido no optar por esa ampliaci\u00f3n de su gesti\u00f3n&#8221;.<\/p>\n\n\n\n<p><strong>LA \u00daLTIMA PORQUE UN TRAGUITO DE JACK Y YA: <\/strong>Un juez federal orden\u00f3 levantar el embargo de dos inmuebles propiedad de Jos\u00e9 Armando Rodr\u00edguez Ayache, quien est\u00e1 casado con M\u00f3nica Mac\u00edas Tubilla, hermana de Karime Mac\u00edas, ex esposa del ex gobernador de Veracruz Javier Duarte de Ochoa. Los dos departamentos se encuentran ubicados en el n\u00famero L-103 de Arqu\u00edmedes 189, en Polanco, Ciudad de M\u00e9xico y el 9-B, del edificio Torre Pel\u00edcano, en el boulevard Manuel \u00c1vila Camacho 741, Fraccionamiento Costa de Oro Mocambo, en Boca del R\u00edo, Veracruz.<br><\/p>\n\n\n\n<p><strong> @pablojair<\/strong><\/p>\n","protected":false},"excerpt":{"rendered":"<p>Cultura de la paz, porfis. Don Edel no pedir\u00e1 ser ratificado como magistrado. Devuelven depas al concu\u00f1o de Duarte Que las medidas contra los &#8220;factureros&#8221; son bien vistas hasta por los cr\u00edticos de AMLO &#8211;Chopenjawer \u00bfA poco la situaci\u00f3n en Veracruz est\u00e1 tan canija que de plano estamos llegando al nivel de Ecuador, donde tiraban [&hellip;]<\/p>\n","protected":false},"author":1,"featured_media":488,"comment_status":"open","ping_status":"open","sticky":false,"template":"","format":"standard","meta":{"_jetpack_memberships_contains_paid_content":false,"footnotes":""},"categories":[11],"tags":[],"class_list":["post-3583","post","type-post","status-publish","format-standard","has-post-thumbnail","hentry","category-opinion"],"jetpack_featured_media_url":"https:\/\/encuentroinformativo.com.mx\/wp-content\/uploads\/2020\/03\/F471F608-BA1A-416B-BA7B-BCFB24F4E6D0.jpeg","jetpack_sharing_enabled":true,"jetpack_likes_enabled":true,"amp_enabled":true,"_links":{"self":[{"href":"https:\/\/encuentroinformativo.com.mx\/index.php?rest_route=\/wp\/v2\/posts\/3583","targetHints":{"allow":["GET"]}}],"collection":[{"href":"https:\/\/encuentroinformativo.com.mx\/index.php?rest_route=\/wp\/v2\/posts"}],"about":[{"href":"https:\/\/encuentroinformativo.com.mx\/index.php?rest_route=\/wp\/v2\/types\/post"}],"author":[{"embeddable":true,"href":"https:\/\/encuentroinformativo.com.mx\/index.php?rest_route=\/wp\/v2\/users\/1"}],"replies":[{"embeddable":true,"href":"https:\/\/encuentroinformativo.com.mx\/index.php?rest_route=%2Fwp%2Fv2%2Fcomments&post=3583"}],"version-history":[{"count":1,"href":"https:\/\/encuentroinformativo.com.mx\/index.php?rest_route=\/wp\/v2\/posts\/3583\/revisions"}],"predecessor-version":[{"id":3584,"href":"https:\/\/encuentroinformativo.com.mx\/index.php?rest_route=\/wp\/v2\/posts\/3583\/revisions\/3584"}],"wp:featuredmedia":[{"embeddable":true,"href":"https:\/\/encuentroinformativo.com.mx\/index.php?rest_route=\/wp\/v2\/media\/488"}],"wp:attachment":[{"href":"https:\/\/encuentroinformativo.com.mx\/index.php?rest_route=%2Fwp%2Fv2%2Fmedia&parent=3583"}],"wp:term":[{"taxonomy":"category","embeddable":true,"href":"https:\/\/encuentroinformativo.com.mx\/index.php?rest_route=%2Fwp%2Fv2%2Fcategories&post=3583"},{"taxonomy":"post_tag","embeddable":true,"href":"https:\/\/encuentroinformativo.com.mx\/index.php?rest_route=%2Fwp%2Fv2%2Ftags&post=3583"}],"curies":[{"name":"wp","href":"https:\/\/api.w.org\/{rel}","templated":true}]}}