{"id":35839,"date":"2023-01-24T11:12:12","date_gmt":"2023-01-24T17:12:12","guid":{"rendered":"https:\/\/encuentroinformativo.com.mx\/?p=35839"},"modified":"2023-01-24T11:12:15","modified_gmt":"2023-01-24T17:12:15","slug":"cuitlahuac-la-victima","status":"publish","type":"post","link":"https:\/\/encuentroinformativo.com.mx\/?p=35839","title":{"rendered":"CUITL\u00c1HUAC, LA V\u00cdCTIMA"},"content":{"rendered":"\n<p><strong>Los Pol\u00edticos\u00a0<\/strong><\/p>\n\n\n\n<p><strong>Salvador Mu\u00f1oz<\/strong><\/p>\n\n\n\n<p>Ajuste de cuentas, venganza, generador de violencia\u2026 Creo que ninguno de estos tres conceptos que expone el Gobernador sobre la masacre que se suscit\u00f3 el domingo pasado, caben en nuestra sociedad ni en el ciudadano promedio, m\u00e1s cuando entre las v\u00edctimas hay dos ni\u00f1os.<\/p>\n\n\n\n<p>Tampoco caben las excusas burdas de las \u201cherencias del pasado\u201d porque as\u00ed se la ha pasado este \u201cGobierno Pilatos\u201d que ante su falta de criterio, jam\u00e1s ha asumido su responsabilidad como tal, como Gobierno.<\/p>\n\n\n\n<p>Queda claro que los estallidos de violencia que sacuden lo largo y ancho del estado, muchos de ellos escapan de los alcances de su Gobierno, pero de eso a no aceptar el grado de terror que se vive a la entidad y pasar a convertirse en un Generador de Chaquetas Mentales para alardear que se vive en un Estado seguro, es inaceptable\u2026<\/p>\n\n\n\n<p>El Gobierno del Estado debe ser el primer sujeto en aceptar la situaci\u00f3n social que se (sobre)vive en muchos puntos de la entidad\u2026<\/p>\n\n\n\n<p>Dec\u00eda el poeta que cuando mueres, tus virtudes salen a flote\u2026 en este gobierno, o con este Gobernador, es al rev\u00e9s: mueres y resultas un \u201cGenerador de Violencia\u201d o \u201cVinculado a Delincuencia Organizada\u201d&#8230;<\/p>\n\n\n\n<p>La duda que ten\u00eda con respecto a los comentarios que el mismo Gobernador gener\u00f3, de que Fernando N era un \u201cGenerador de Violencia\u201d la tuvo tambi\u00e9n el reportero de Notiver, Rodrigo D\u00e9ctor, quien cuestion\u00f3 al mandatario estatal de que si as\u00ed estaba clasificado, por qu\u00e9 andaba \u201ccomo Pedro por su casa\u201d haciendo pol\u00edtica, regalando juguetes, en ruedas de prensa\u2026<\/p>\n\n\n\n<p>El Gobernador lo califica como \u201cGenerador de Violencia\u201d porque se\u00f1al\u00f3 a El Pino como parte activa de los hechos delictivos que se suscitaron hace unas semanas en Poza Rica donde asegur\u00f3 que hab\u00eda conflicto entre bandas distintas que se disputaban el poder\u2026<\/p>\n\n\n\n<p>Por supuesto, el cuestionamiento de Rodrigo D\u00e9ctor no tuvo m\u00e1s que una salida por la tangente en un Gobernador que divaga en sus respuestas.<\/p>\n\n\n\n<p>Poco falta con este gobierno, con este Gobernador, que al igual que su Pastor, asegure que todos estos hechos de violencia, que toda esta masacre, que todos estos muertos, tengan la intenci\u00f3n de desestabilizar a su Gobierno y al final, Cuitl\u00e1huac sea la v\u00edctima\u2026<\/p>\n","protected":false},"excerpt":{"rendered":"<p>Los Pol\u00edticos\u00a0 Salvador Mu\u00f1oz Ajuste de cuentas, venganza, generador de violencia\u2026 Creo que ninguno de estos tres conceptos que expone el Gobernador sobre la masacre que se suscit\u00f3 el domingo pasado, caben en nuestra sociedad ni en el ciudadano promedio, m\u00e1s cuando entre las v\u00edctimas hay dos ni\u00f1os. Tampoco caben las excusas burdas de las [&hellip;]<\/p>\n","protected":false},"author":2476,"featured_media":387,"comment_status":"open","ping_status":"open","sticky":false,"template":"","format":"standard","meta":{"_jetpack_memberships_contains_paid_content":false,"footnotes":""},"categories":[11],"tags":[],"class_list":["post-35839","post","type-post","status-publish","format-standard","has-post-thumbnail","hentry","category-opinion"],"jetpack_featured_media_url":"https:\/\/encuentroinformativo.com.mx\/wp-content\/uploads\/2020\/03\/7CF8A22B-2764-47BE-8F7F-38FE9E5D6A2F.jpeg","jetpack_sharing_enabled":true,"jetpack_likes_enabled":true,"amp_enabled":true,"_links":{"self":[{"href":"https:\/\/encuentroinformativo.com.mx\/index.php?rest_route=\/wp\/v2\/posts\/35839","targetHints":{"allow":["GET"]}}],"collection":[{"href":"https:\/\/encuentroinformativo.com.mx\/index.php?rest_route=\/wp\/v2\/posts"}],"about":[{"href":"https:\/\/encuentroinformativo.com.mx\/index.php?rest_route=\/wp\/v2\/types\/post"}],"author":[{"embeddable":true,"href":"https:\/\/encuentroinformativo.com.mx\/index.php?rest_route=\/wp\/v2\/users\/2476"}],"replies":[{"embeddable":true,"href":"https:\/\/encuentroinformativo.com.mx\/index.php?rest_route=%2Fwp%2Fv2%2Fcomments&post=35839"}],"version-history":[{"count":1,"href":"https:\/\/encuentroinformativo.com.mx\/index.php?rest_route=\/wp\/v2\/posts\/35839\/revisions"}],"predecessor-version":[{"id":35840,"href":"https:\/\/encuentroinformativo.com.mx\/index.php?rest_route=\/wp\/v2\/posts\/35839\/revisions\/35840"}],"wp:featuredmedia":[{"embeddable":true,"href":"https:\/\/encuentroinformativo.com.mx\/index.php?rest_route=\/wp\/v2\/media\/387"}],"wp:attachment":[{"href":"https:\/\/encuentroinformativo.com.mx\/index.php?rest_route=%2Fwp%2Fv2%2Fmedia&parent=35839"}],"wp:term":[{"taxonomy":"category","embeddable":true,"href":"https:\/\/encuentroinformativo.com.mx\/index.php?rest_route=%2Fwp%2Fv2%2Fcategories&post=35839"},{"taxonomy":"post_tag","embeddable":true,"href":"https:\/\/encuentroinformativo.com.mx\/index.php?rest_route=%2Fwp%2Fv2%2Ftags&post=35839"}],"curies":[{"name":"wp","href":"https:\/\/api.w.org\/{rel}","templated":true}]}}