{"id":35848,"date":"2023-01-24T12:27:20","date_gmt":"2023-01-24T18:27:20","guid":{"rendered":"https:\/\/encuentroinformativo.com.mx\/?p=35848"},"modified":"2023-01-24T12:27:24","modified_gmt":"2023-01-24T18:27:24","slug":"lamenta-movimiento-popular-hechos-violentos-en-veracruz","status":"publish","type":"post","link":"https:\/\/encuentroinformativo.com.mx\/?p=35848","title":{"rendered":"Lamenta Movimiento Popular hechos violentos en Veracruz"},"content":{"rendered":"\n<p><strong>Dar\u00edo Pale <\/strong><\/p>\n\n\n\n<p>Xalapa, Ver.- Arnulfo Reyes Cruz comisionado Pol\u00edtico Nacional del Movimiento Popular Francisco Villa, lament\u00f3 los hechos violentos que se han registrado en los \u00faltimos d\u00edas en el estado de Veracruz y m\u00e1s donde una familia fue asesinada y dos menores perdieron la vida, adem\u00e1s de que est\u00e1 en los primeros lugares en diferentes delitos.<\/p>\n\n\n\n<p>En conferencia de prensa se\u00f1al\u00f3 que si ya conoc\u00edan qui\u00e9n era esa persona o si ten\u00edan conocimiento que pertenec\u00eda a la delincuencia organizada &#8220;porque no lo agarraron antes, porque esperan a que haya un asesinato de algunas familias o de familias, porque si ya sab\u00edan y tienen toda la informaci\u00f3n de todos los delincuentes porque no los agarran antes de que hagan algo&#8221;.<\/p>\n\n\n\n<p>Lo anterior demuestra la falta de dos cosas una de un proyecto de seguridad como han hablado de todos los a\u00f1os desde que entr\u00f3 el gobernador Cuitl\u00e1huac Garc\u00eda Jim\u00e9nez, de que no hay un proyecto de seguridad, el cual no quiere decir que haya patrullaje, veh\u00edculos de la armada patrullando los pueblos ya que eso en lugar de sentir seguridad infunde miedo.<\/p>\n\n\n\n<p>La propuesta de ellos ser\u00eda que haga justicia la fiscal\u00eda que los expedientes que est\u00e1n en su poder que hagan los operativos que sean necesarios y detener a los delincuentes antes de que haya alg\u00fan hecho lamentable y que despu\u00e9s se quieran arrepentir.<\/p>\n\n\n\n<p>Los da\u00f1os colaterales son consecuencia de la falta de profesionalizaci\u00f3n de la polic\u00eda, ya que Veracruz sigue ocupando los primeros lugares en los delitos, por lo que el gobernador se tendr\u00e1 que esconder ya que cuando termine su administraci\u00f3n existir\u00e1n varias denuncias en su contra.<\/p>\n\n\n\n<p>&#8220;\u00c9l si se va al bote igual que su patr\u00f3n el peje porque est\u00e1n haciendo cosas que no se deben de hacer, porque no detener la delincuencia, porque saludar a la mam\u00e1 del Chapo, porque en cada estado prevalece en primer lugar el estado de Veracruz en inseguridad&#8221;, coment\u00f3.<\/p>\n\n\n\n<p>Finalmente se\u00f1al\u00f3 que se deben de profesionalizar a las polic\u00edas, que los elementos del ej\u00e9rcito se regresen a sus cuarteles para que ellos puedan hacer una investigaci\u00f3n, por lo que deben de hacer justicia con las carpetas de investigaci\u00f3n de la delincuencia organizada que ya tienen.<\/p>\n","protected":false},"excerpt":{"rendered":"<p>Dar\u00edo Pale Xalapa, Ver.- Arnulfo Reyes Cruz comisionado Pol\u00edtico Nacional del Movimiento Popular Francisco Villa, lament\u00f3 los hechos violentos que se han registrado en los \u00faltimos d\u00edas en el estado de Veracruz y m\u00e1s donde una familia fue asesinada y dos menores perdieron la vida, adem\u00e1s de que est\u00e1 en los primeros lugares en diferentes [&hellip;]<\/p>\n","protected":false},"author":2476,"featured_media":35849,"comment_status":"open","ping_status":"open","sticky":false,"template":"","format":"standard","meta":{"_jetpack_memberships_contains_paid_content":false,"footnotes":""},"categories":[3],"tags":[],"class_list":["post-35848","post","type-post","status-publish","format-standard","has-post-thumbnail","hentry","category-xalapa"],"jetpack_featured_media_url":"https:\/\/encuentroinformativo.com.mx\/wp-content\/uploads\/2023\/01\/IMG-20230124-WA0029.jpg","jetpack_sharing_enabled":true,"jetpack_likes_enabled":true,"amp_enabled":true,"_links":{"self":[{"href":"https:\/\/encuentroinformativo.com.mx\/index.php?rest_route=\/wp\/v2\/posts\/35848","targetHints":{"allow":["GET"]}}],"collection":[{"href":"https:\/\/encuentroinformativo.com.mx\/index.php?rest_route=\/wp\/v2\/posts"}],"about":[{"href":"https:\/\/encuentroinformativo.com.mx\/index.php?rest_route=\/wp\/v2\/types\/post"}],"author":[{"embeddable":true,"href":"https:\/\/encuentroinformativo.com.mx\/index.php?rest_route=\/wp\/v2\/users\/2476"}],"replies":[{"embeddable":true,"href":"https:\/\/encuentroinformativo.com.mx\/index.php?rest_route=%2Fwp%2Fv2%2Fcomments&post=35848"}],"version-history":[{"count":1,"href":"https:\/\/encuentroinformativo.com.mx\/index.php?rest_route=\/wp\/v2\/posts\/35848\/revisions"}],"predecessor-version":[{"id":35850,"href":"https:\/\/encuentroinformativo.com.mx\/index.php?rest_route=\/wp\/v2\/posts\/35848\/revisions\/35850"}],"wp:featuredmedia":[{"embeddable":true,"href":"https:\/\/encuentroinformativo.com.mx\/index.php?rest_route=\/wp\/v2\/media\/35849"}],"wp:attachment":[{"href":"https:\/\/encuentroinformativo.com.mx\/index.php?rest_route=%2Fwp%2Fv2%2Fmedia&parent=35848"}],"wp:term":[{"taxonomy":"category","embeddable":true,"href":"https:\/\/encuentroinformativo.com.mx\/index.php?rest_route=%2Fwp%2Fv2%2Fcategories&post=35848"},{"taxonomy":"post_tag","embeddable":true,"href":"https:\/\/encuentroinformativo.com.mx\/index.php?rest_route=%2Fwp%2Fv2%2Ftags&post=35848"}],"curies":[{"name":"wp","href":"https:\/\/api.w.org\/{rel}","templated":true}]}}