{"id":35851,"date":"2023-01-24T12:33:36","date_gmt":"2023-01-24T18:33:36","guid":{"rendered":"https:\/\/encuentroinformativo.com.mx\/?p=35851"},"modified":"2023-01-24T23:37:41","modified_gmt":"2023-01-25T05:37:41","slug":"con-protesta-padres-reclaman-docentes-para-telesecundaria-reyes-heroles","status":"publish","type":"post","link":"https:\/\/encuentroinformativo.com.mx\/?p=35851","title":{"rendered":"Con protesta, padres exigen  docentes para telesecundaria Reyes Heroles"},"content":{"rendered":"\n<p><strong>Juan Arcos <\/strong><\/p>\n\n\n\n<p>Xalapa, Ver.- Madres y padres de familia de la escuela telesecundaria \u201cJes\u00fas Reyes Heroles\u201d, ubicada en esta ciudad de Xalapa, protestaron en las oficinas centrales de la Secretar\u00eda de Educaci\u00f3n de Veracruz (SEV), para exigir la asignaci\u00f3n de un docente.<\/p>\n\n\n\n<p>Los quejosos acusaron que el Departamento de Recursos Humanos y la Subdirecci\u00f3n de Telesecundarias Federales han incumplido acuerdos y ahora el plantel carece de un profesor.<\/p>\n\n\n\n<p>Comentaron que personal de la SEV ha argumentado que por errores administrativos no ha sido asignado el docente en esta escuela, ubicada sobre la calle 16 de Septiembre de la colonia El Olmo, en la zona sur de esta ciudad capital.<\/p>\n\n\n\n<p>De acuerdo con Margarito M\u00e9ndez, uno de los inconformes, los alumnos del tercer grado, grupo \u201cA\u201d, se quedaron sin docente desde hace tres a\u00f1os.<\/p>\n\n\n\n<p>Los integrantes del Comit\u00e9 de la Asociaci\u00f3n de Padres de Familia exigieron una audiencia con las autoridades educativas para que sean atendidas sus demandas.<\/p>\n\n\n\n<p>Ellos sostuvieron pancartas con mensajes donde se le\u00eda: \u201cPago urgente del Recurso Docente\u201d, \u201cya basta de arbitrariedades\u201d, \u201cbasta de seguir afectando la educaci\u00f3n\u201d, \u201cya no sigan violentando el Art\u00edculo Tercero Constitucional\u201d, \u201cya no sigan violentando la Ley General de Educaci\u00f3n\u201d.<\/p>\n\n\n\n<p>Los padres de familia pidieron la intervenci\u00f3n del gobernador Cuitl\u00e1huac Garc\u00eda Jim\u00e9nez para que sea atendida la problem\u00e1tica lo antes posible.<\/p>\n\n\n\n<figure class=\"wp-block-image size-large\"><img loading=\"lazy\" decoding=\"async\" width=\"1024\" height=\"576\" src=\"https:\/\/encuentroinformativo.com.mx\/wp-content\/uploads\/2023\/01\/06376cb5-bd0f-4a38-bfc6-0c8b4c1e5ab2-1024x576.jpg\" alt=\"\" class=\"wp-image-35853\" srcset=\"https:\/\/encuentroinformativo.com.mx\/wp-content\/uploads\/2023\/01\/06376cb5-bd0f-4a38-bfc6-0c8b4c1e5ab2-1024x576.jpg 1024w, https:\/\/encuentroinformativo.com.mx\/wp-content\/uploads\/2023\/01\/06376cb5-bd0f-4a38-bfc6-0c8b4c1e5ab2-300x169.jpg 300w, https:\/\/encuentroinformativo.com.mx\/wp-content\/uploads\/2023\/01\/06376cb5-bd0f-4a38-bfc6-0c8b4c1e5ab2-768x432.jpg 768w, https:\/\/encuentroinformativo.com.mx\/wp-content\/uploads\/2023\/01\/06376cb5-bd0f-4a38-bfc6-0c8b4c1e5ab2.jpg 1280w\" sizes=\"auto, (max-width: 1024px) 100vw, 1024px\" \/><\/figure>\n","protected":false},"excerpt":{"rendered":"<p>Juan Arcos Xalapa, Ver.- Madres y padres de familia de la escuela telesecundaria \u201cJes\u00fas Reyes Heroles\u201d, ubicada en esta ciudad de Xalapa, protestaron en las oficinas centrales de la Secretar\u00eda de Educaci\u00f3n de Veracruz (SEV), para exigir la asignaci\u00f3n de un docente. Los quejosos acusaron que el Departamento de Recursos Humanos y la Subdirecci\u00f3n de [&hellip;]<\/p>\n","protected":false},"author":2476,"featured_media":35852,"comment_status":"open","ping_status":"open","sticky":false,"template":"","format":"standard","meta":{"_jetpack_memberships_contains_paid_content":false,"footnotes":""},"categories":[3],"tags":[],"class_list":["post-35851","post","type-post","status-publish","format-standard","has-post-thumbnail","hentry","category-xalapa"],"jetpack_featured_media_url":"https:\/\/encuentroinformativo.com.mx\/wp-content\/uploads\/2023\/01\/32f2f5e8-4d7a-4004-9172-4e5d8023fc23.jpg","jetpack_sharing_enabled":true,"jetpack_likes_enabled":true,"amp_enabled":true,"_links":{"self":[{"href":"https:\/\/encuentroinformativo.com.mx\/index.php?rest_route=\/wp\/v2\/posts\/35851","targetHints":{"allow":["GET"]}}],"collection":[{"href":"https:\/\/encuentroinformativo.com.mx\/index.php?rest_route=\/wp\/v2\/posts"}],"about":[{"href":"https:\/\/encuentroinformativo.com.mx\/index.php?rest_route=\/wp\/v2\/types\/post"}],"author":[{"embeddable":true,"href":"https:\/\/encuentroinformativo.com.mx\/index.php?rest_route=\/wp\/v2\/users\/2476"}],"replies":[{"embeddable":true,"href":"https:\/\/encuentroinformativo.com.mx\/index.php?rest_route=%2Fwp%2Fv2%2Fcomments&post=35851"}],"version-history":[{"count":2,"href":"https:\/\/encuentroinformativo.com.mx\/index.php?rest_route=\/wp\/v2\/posts\/35851\/revisions"}],"predecessor-version":[{"id":35903,"href":"https:\/\/encuentroinformativo.com.mx\/index.php?rest_route=\/wp\/v2\/posts\/35851\/revisions\/35903"}],"wp:featuredmedia":[{"embeddable":true,"href":"https:\/\/encuentroinformativo.com.mx\/index.php?rest_route=\/wp\/v2\/media\/35852"}],"wp:attachment":[{"href":"https:\/\/encuentroinformativo.com.mx\/index.php?rest_route=%2Fwp%2Fv2%2Fmedia&parent=35851"}],"wp:term":[{"taxonomy":"category","embeddable":true,"href":"https:\/\/encuentroinformativo.com.mx\/index.php?rest_route=%2Fwp%2Fv2%2Fcategories&post=35851"},{"taxonomy":"post_tag","embeddable":true,"href":"https:\/\/encuentroinformativo.com.mx\/index.php?rest_route=%2Fwp%2Fv2%2Ftags&post=35851"}],"curies":[{"name":"wp","href":"https:\/\/api.w.org\/{rel}","templated":true}]}}