{"id":35858,"date":"2023-01-24T13:23:52","date_gmt":"2023-01-24T19:23:52","guid":{"rendered":"https:\/\/encuentroinformativo.com.mx\/?p=35858"},"modified":"2023-01-24T13:23:56","modified_gmt":"2023-01-24T19:23:56","slug":"reclaman-colectivos-de-busqueda-reanudar-mesas-de-trabajo","status":"publish","type":"post","link":"https:\/\/encuentroinformativo.com.mx\/?p=35858","title":{"rendered":"Reclaman Colectivos de B\u00fasqueda reanudar mesas de trabajo"},"content":{"rendered":"\n<p><strong>Dar\u00edo Pale <\/strong><\/p>\n\n\n\n<p>Xalapa, Ver.- Se manifiestan integrantes de diferentes Colectivos de B\u00fasqueda de desaparecidos a las afueras del Congreso del Estado durante la comparecencia de la Fiscal General del Estado (FGE), Ver\u00f3nica Hern\u00e1ndez Giadans, para exigir se realicen las mesas de trabajo junto con el gobernador.<\/p>\n\n\n\n<p>Las mesas de trabajo se suspendieron desde el 2019 con la pandemia por COVID-19, por lo que los colectivos \u00a0que se presentaron son: Unidos por la Paz, Justicia y Dignidad , Madres en B\u00fasqueda, Enlaces Familias Xalapa, Buscando a Nuestros Desaparecidos.<\/p>\n\n\n\n<p>Entrevistada durante la manifestaci\u00f3n Victoria Delgadillo Romero de Familias Enlace Xalapa, dio a conocer que a pesar de que han enviado documentos al gobernador Cuitl\u00e1huac Garc\u00eda Jim\u00e9nez y a la Fiscal Ver\u00f3nica Hern\u00e1ndez han sido ignorados.\u00a0<\/p>\n\n\n\n<p>Critic\u00f3 que hay falta de voluntad por parte de las autoridades estatales, a quienes se\u00f1al\u00f3 de andar paseando en eventos p\u00fablicos y no atender las verdaderas necesidades en la entidad.\u00a0<\/p>\n\n\n\n<p>\u201cQueremos que se activen las mesas de trabajo para que as\u00ed se vea lo que no ha avanzado\u201d, dijo al tiempo que expuso que \u201csi ellos han estado y tienen reuniones juntos como es posible que no puedan darles a las familias las reuniones y ya va para tres a\u00f1os que no nos han dado ninguna respuesta\u201d, acus\u00f3.\u00a0<\/p>\n\n\n\n<p>La activista llam\u00f3 nuevamente que se les de la atenci\u00f3n correspondiente dado a que resalt\u00f3 que los colectivos son quienes tienen toda la informaci\u00f3n de b\u00fasqueda de los desaparecidos en Veracruz.\u00a0<\/p>\n\n\n\n<p>Finalmente dio a conocer que, \u201chay casos que ya hay detenidos, los colectivos tienen toda la informaci\u00f3n de los avances de los casos y c\u00f3mo van y los casos llevan un poco m\u00e1s de avances, y todas necesitan que se lleven sus casos a las mesas de trabajo\u201d.<\/p>\n\n\n\n<figure class=\"wp-block-image size-large\"><img loading=\"lazy\" decoding=\"async\" width=\"1024\" height=\"768\" src=\"https:\/\/encuentroinformativo.com.mx\/wp-content\/uploads\/2023\/01\/IMG-20230124-WA0054-1024x768.jpg\" alt=\"\" class=\"wp-image-35860\" srcset=\"https:\/\/encuentroinformativo.com.mx\/wp-content\/uploads\/2023\/01\/IMG-20230124-WA0054-1024x768.jpg 1024w, https:\/\/encuentroinformativo.com.mx\/wp-content\/uploads\/2023\/01\/IMG-20230124-WA0054-300x225.jpg 300w, https:\/\/encuentroinformativo.com.mx\/wp-content\/uploads\/2023\/01\/IMG-20230124-WA0054-768x576.jpg 768w, https:\/\/encuentroinformativo.com.mx\/wp-content\/uploads\/2023\/01\/IMG-20230124-WA0054-1536x1152.jpg 1536w, https:\/\/encuentroinformativo.com.mx\/wp-content\/uploads\/2023\/01\/IMG-20230124-WA0054.jpg 1600w\" sizes=\"auto, (max-width: 1024px) 100vw, 1024px\" \/><\/figure>\n","protected":false},"excerpt":{"rendered":"<p>Dar\u00edo Pale Xalapa, Ver.- Se manifiestan integrantes de diferentes Colectivos de B\u00fasqueda de desaparecidos a las afueras del Congreso del Estado durante la comparecencia de la Fiscal General del Estado (FGE), Ver\u00f3nica Hern\u00e1ndez Giadans, para exigir se realicen las mesas de trabajo junto con el gobernador. Las mesas de trabajo se suspendieron desde el 2019 [&hellip;]<\/p>\n","protected":false},"author":2476,"featured_media":35859,"comment_status":"open","ping_status":"open","sticky":false,"template":"","format":"standard","meta":{"_jetpack_memberships_contains_paid_content":false,"footnotes":""},"categories":[3],"tags":[],"class_list":["post-35858","post","type-post","status-publish","format-standard","has-post-thumbnail","hentry","category-xalapa"],"jetpack_featured_media_url":"https:\/\/encuentroinformativo.com.mx\/wp-content\/uploads\/2023\/01\/IMG-20230124-WA0057.jpg","jetpack_sharing_enabled":true,"jetpack_likes_enabled":true,"amp_enabled":true,"_links":{"self":[{"href":"https:\/\/encuentroinformativo.com.mx\/index.php?rest_route=\/wp\/v2\/posts\/35858","targetHints":{"allow":["GET"]}}],"collection":[{"href":"https:\/\/encuentroinformativo.com.mx\/index.php?rest_route=\/wp\/v2\/posts"}],"about":[{"href":"https:\/\/encuentroinformativo.com.mx\/index.php?rest_route=\/wp\/v2\/types\/post"}],"author":[{"embeddable":true,"href":"https:\/\/encuentroinformativo.com.mx\/index.php?rest_route=\/wp\/v2\/users\/2476"}],"replies":[{"embeddable":true,"href":"https:\/\/encuentroinformativo.com.mx\/index.php?rest_route=%2Fwp%2Fv2%2Fcomments&post=35858"}],"version-history":[{"count":1,"href":"https:\/\/encuentroinformativo.com.mx\/index.php?rest_route=\/wp\/v2\/posts\/35858\/revisions"}],"predecessor-version":[{"id":35861,"href":"https:\/\/encuentroinformativo.com.mx\/index.php?rest_route=\/wp\/v2\/posts\/35858\/revisions\/35861"}],"wp:featuredmedia":[{"embeddable":true,"href":"https:\/\/encuentroinformativo.com.mx\/index.php?rest_route=\/wp\/v2\/media\/35859"}],"wp:attachment":[{"href":"https:\/\/encuentroinformativo.com.mx\/index.php?rest_route=%2Fwp%2Fv2%2Fmedia&parent=35858"}],"wp:term":[{"taxonomy":"category","embeddable":true,"href":"https:\/\/encuentroinformativo.com.mx\/index.php?rest_route=%2Fwp%2Fv2%2Fcategories&post=35858"},{"taxonomy":"post_tag","embeddable":true,"href":"https:\/\/encuentroinformativo.com.mx\/index.php?rest_route=%2Fwp%2Fv2%2Ftags&post=35858"}],"curies":[{"name":"wp","href":"https:\/\/api.w.org\/{rel}","templated":true}]}}