{"id":35862,"date":"2023-01-24T13:32:37","date_gmt":"2023-01-24T19:32:37","guid":{"rendered":"https:\/\/encuentroinformativo.com.mx\/?p=35862"},"modified":"2023-01-24T13:32:40","modified_gmt":"2023-01-24T19:32:40","slug":"bebe-abandonada-en-piedras-negras-se-encuentra-estable-de-salud","status":"publish","type":"post","link":"https:\/\/encuentroinformativo.com.mx\/?p=35862","title":{"rendered":"Beb\u00e9 abandonada en Piedras Negras se encuentra estable de salud"},"content":{"rendered":"\n<p><strong>Alejandro \u00c1vila<\/strong><\/p>\n\n\n\n<p>Tlalixcoyan, Ver.- El infante de 36 semanas que fue abandonado en la localidad de Piedras Negras municipio de Tlalixcoyan el pasado domingo se encuentra en el hospital con reporte de salud estable, inform\u00f3 la Procuradora de la Defensa del Menor en el DIF de Tlalixcoyan, Alma Rosa Valencia Garc\u00eda.<\/p>\n\n\n\n<p>El peque\u00f1o de sexo masculino y de 2.250 kilogramos, se encuentra bajo el resguardo del DIF de Tlalixcoyan, y tras dos meses de las primeras investigaciones que haga la Fiscal\u00eda General del Estado de Veracruz, ser\u00e1 entregado al DIF Estatal para su posible adopci\u00f3n.<\/p>\n\n\n\n<p>&#8220;Las personas interesadas (en adopci\u00f3n) podr\u00edan venir aqu\u00ed al DIF o comunicarse Perd\u00f3n es a viernes en horario de 9 de la ma\u00f1ana 3 de la tarde, y ya le daremos informaci\u00f3n de los requisitos que necesitan, pero ese tema ya se llevar\u00eda con el DIF Estatal, ya que ellos se encargaran de buscarle un lugar, ya no nos corresponde a nosotros (\u2026) el t\u00e9rmino de ley son 2 meses para que la Fiscal\u00eda haga sus investigaciones, y ya posterior se dar\u00eda en adopci\u00f3n el menor&#8221;, expres\u00f3.<\/p>\n\n\n\n<p>La funcionaria municipal dijo que al momento estar\u00e1n al pendiente de todo lo que necesita la Fiscal\u00eda de Veracruz durante sus investigaciones por el abandono del menor de edad.<\/p>\n","protected":false},"excerpt":{"rendered":"<p>Alejandro \u00c1vila Tlalixcoyan, Ver.- El infante de 36 semanas que fue abandonado en la localidad de Piedras Negras municipio de Tlalixcoyan el pasado domingo se encuentra en el hospital con reporte de salud estable, inform\u00f3 la Procuradora de la Defensa del Menor en el DIF de Tlalixcoyan, Alma Rosa Valencia Garc\u00eda. El peque\u00f1o de sexo [&hellip;]<\/p>\n","protected":false},"author":2476,"featured_media":35863,"comment_status":"open","ping_status":"open","sticky":false,"template":"","format":"standard","meta":{"_jetpack_memberships_contains_paid_content":false,"footnotes":""},"categories":[2],"tags":[],"class_list":["post-35862","post","type-post","status-publish","format-standard","has-post-thumbnail","hentry","category-estado"],"jetpack_featured_media_url":"https:\/\/encuentroinformativo.com.mx\/wp-content\/uploads\/2023\/01\/IMG-20230124-WA0060.jpg","jetpack_sharing_enabled":true,"jetpack_likes_enabled":true,"amp_enabled":true,"_links":{"self":[{"href":"https:\/\/encuentroinformativo.com.mx\/index.php?rest_route=\/wp\/v2\/posts\/35862","targetHints":{"allow":["GET"]}}],"collection":[{"href":"https:\/\/encuentroinformativo.com.mx\/index.php?rest_route=\/wp\/v2\/posts"}],"about":[{"href":"https:\/\/encuentroinformativo.com.mx\/index.php?rest_route=\/wp\/v2\/types\/post"}],"author":[{"embeddable":true,"href":"https:\/\/encuentroinformativo.com.mx\/index.php?rest_route=\/wp\/v2\/users\/2476"}],"replies":[{"embeddable":true,"href":"https:\/\/encuentroinformativo.com.mx\/index.php?rest_route=%2Fwp%2Fv2%2Fcomments&post=35862"}],"version-history":[{"count":1,"href":"https:\/\/encuentroinformativo.com.mx\/index.php?rest_route=\/wp\/v2\/posts\/35862\/revisions"}],"predecessor-version":[{"id":35864,"href":"https:\/\/encuentroinformativo.com.mx\/index.php?rest_route=\/wp\/v2\/posts\/35862\/revisions\/35864"}],"wp:featuredmedia":[{"embeddable":true,"href":"https:\/\/encuentroinformativo.com.mx\/index.php?rest_route=\/wp\/v2\/media\/35863"}],"wp:attachment":[{"href":"https:\/\/encuentroinformativo.com.mx\/index.php?rest_route=%2Fwp%2Fv2%2Fmedia&parent=35862"}],"wp:term":[{"taxonomy":"category","embeddable":true,"href":"https:\/\/encuentroinformativo.com.mx\/index.php?rest_route=%2Fwp%2Fv2%2Fcategories&post=35862"},{"taxonomy":"post_tag","embeddable":true,"href":"https:\/\/encuentroinformativo.com.mx\/index.php?rest_route=%2Fwp%2Fv2%2Ftags&post=35862"}],"curies":[{"name":"wp","href":"https:\/\/api.w.org\/{rel}","templated":true}]}}