{"id":35865,"date":"2023-01-24T13:36:08","date_gmt":"2023-01-24T19:36:08","guid":{"rendered":"https:\/\/encuentroinformativo.com.mx\/?p=35865"},"modified":"2023-01-24T13:36:12","modified_gmt":"2023-01-24T19:36:12","slug":"pese-a-multihomicidio-adan-augusto-insiste-que-veracruz-va-a-la-baja-en-indices-delictivos","status":"publish","type":"post","link":"https:\/\/encuentroinformativo.com.mx\/?p=35865","title":{"rendered":"Pese a multihomicidio, Ad\u00e1n Augusto insiste que Veracruz va a la baja en \u00edndices delictivos"},"content":{"rendered":"\n<p><strong>Alejandro \u00c1vila<\/strong><\/p>\n\n\n\n<p>Veracruz, Ver.- Ad\u00e1n Augusto L\u00f3pez Hern\u00e1ndez, secretario de Gobernaci\u00f3n Federal, volvi\u00f3 al puerto de Veracruz para sostener una reuni\u00f3n con alcaldes del Partido Verde Ecologista de M\u00e9xico.<\/p>\n\n\n\n<p>En entrevista fue cuestionado sobre el multihomicidio del pasado domingo en la carretera federal Veracruz &#8211; Xalapa, a unos metros del aeropuerto &#8220;Heriberto Jara Corona&#8221;; el funcionario federal insisti\u00f3 que Veracruz se encuentra a la baja en \u00edndices delictivos a pesar de esta lamentable situaci\u00f3n.<\/p>\n\n\n\n<p>&#8220;Que lamentable que suceda, yo nuevamente lo digo se esta trabajando para garantizar la paz y seguridad de los veracruzanos y es una tarea en la que participamos todos para ser honestos. Veracruz ha ido bajando, estaba en los primeros 6 &#8211; 7 lugares, ahora est\u00e1 un poquito abajo de la media tabla, se va recuperando poco a poco la estabilidad&#8221;, se\u00f1al\u00f3.<\/p>\n\n\n\n<p>Es de recordar que, el pasado domingo fue asesinado Fernando P\u00e9rez Vega alias &#8220;El Pino&#8221;, presunto jefe de plaza en la zona norte de la entidad veracruzana, adem\u00e1s de 5 personas m\u00e1s, entre ellas dos menores de edad; &#8220;El Pino&#8221; fue candidato a la alcald\u00eda de Coxquihui en el pasado proceso electoral abanderado por Fuerza por M\u00e9xico, partido que hoy es nuevo aliado de Morena para las siguientes elecciones.<\/p>\n\n\n\n<p>Ad\u00e1n Augusto L\u00f3pez dijo que en esta visita no habr\u00e1 reuni\u00f3n con el gobernador del estado, Cuitl\u00e1huac Garc\u00eda Jim\u00e9nez, pues desafortunadamente no coinciden las agendas, pero afirm\u00f3 que est\u00e1n en constante comunicaci\u00f3n.<\/p>\n\n\n\n<p>De la misma manera, dijo que nada tienen que ver en las investigaciones sobre este hecho delictivo, y se neg\u00f3 a responder s\u00ed exist\u00eda una ficha del Gobierno Federal sobre &#8220;El Pino&#8221;.<\/p>\n","protected":false},"excerpt":{"rendered":"<p>Alejandro \u00c1vila Veracruz, Ver.- Ad\u00e1n Augusto L\u00f3pez Hern\u00e1ndez, secretario de Gobernaci\u00f3n Federal, volvi\u00f3 al puerto de Veracruz para sostener una reuni\u00f3n con alcaldes del Partido Verde Ecologista de M\u00e9xico. En entrevista fue cuestionado sobre el multihomicidio del pasado domingo en la carretera federal Veracruz &#8211; Xalapa, a unos metros del aeropuerto &#8220;Heriberto Jara Corona&#8221;; el [&hellip;]<\/p>\n","protected":false},"author":2476,"featured_media":35866,"comment_status":"open","ping_status":"open","sticky":false,"template":"","format":"standard","meta":{"_jetpack_memberships_contains_paid_content":false,"footnotes":""},"categories":[2,12],"tags":[],"class_list":["post-35865","post","type-post","status-publish","format-standard","has-post-thumbnail","hentry","category-estado","category-nacional"],"jetpack_featured_media_url":"https:\/\/encuentroinformativo.com.mx\/wp-content\/uploads\/2023\/01\/IMG-20230124-WA00432.jpg","jetpack_sharing_enabled":true,"jetpack_likes_enabled":true,"amp_enabled":true,"_links":{"self":[{"href":"https:\/\/encuentroinformativo.com.mx\/index.php?rest_route=\/wp\/v2\/posts\/35865","targetHints":{"allow":["GET"]}}],"collection":[{"href":"https:\/\/encuentroinformativo.com.mx\/index.php?rest_route=\/wp\/v2\/posts"}],"about":[{"href":"https:\/\/encuentroinformativo.com.mx\/index.php?rest_route=\/wp\/v2\/types\/post"}],"author":[{"embeddable":true,"href":"https:\/\/encuentroinformativo.com.mx\/index.php?rest_route=\/wp\/v2\/users\/2476"}],"replies":[{"embeddable":true,"href":"https:\/\/encuentroinformativo.com.mx\/index.php?rest_route=%2Fwp%2Fv2%2Fcomments&post=35865"}],"version-history":[{"count":1,"href":"https:\/\/encuentroinformativo.com.mx\/index.php?rest_route=\/wp\/v2\/posts\/35865\/revisions"}],"predecessor-version":[{"id":35867,"href":"https:\/\/encuentroinformativo.com.mx\/index.php?rest_route=\/wp\/v2\/posts\/35865\/revisions\/35867"}],"wp:featuredmedia":[{"embeddable":true,"href":"https:\/\/encuentroinformativo.com.mx\/index.php?rest_route=\/wp\/v2\/media\/35866"}],"wp:attachment":[{"href":"https:\/\/encuentroinformativo.com.mx\/index.php?rest_route=%2Fwp%2Fv2%2Fmedia&parent=35865"}],"wp:term":[{"taxonomy":"category","embeddable":true,"href":"https:\/\/encuentroinformativo.com.mx\/index.php?rest_route=%2Fwp%2Fv2%2Fcategories&post=35865"},{"taxonomy":"post_tag","embeddable":true,"href":"https:\/\/encuentroinformativo.com.mx\/index.php?rest_route=%2Fwp%2Fv2%2Ftags&post=35865"}],"curies":[{"name":"wp","href":"https:\/\/api.w.org\/{rel}","templated":true}]}}