{"id":35874,"date":"2023-01-24T14:32:01","date_gmt":"2023-01-24T20:32:01","guid":{"rendered":"https:\/\/encuentroinformativo.com.mx\/?p=35874"},"modified":"2023-01-24T14:32:04","modified_gmt":"2023-01-24T20:32:04","slug":"pt-reclama-piso-parejo-para-aspirantes-presidenciables","status":"publish","type":"post","link":"https:\/\/encuentroinformativo.com.mx\/?p=35874","title":{"rendered":"PT reclama \u201cpiso parejo\u201d para aspirantes presidenciables"},"content":{"rendered":"\n<p><strong>Israel Garc\u00eda<\/strong><\/p>\n\n\n\n<p>Xalapa, Ver.- Vicente Aguilar Aguilar coordinador general de la Comisi\u00f3n Ejecutiva Estatal del Partido del Trabajo (PT) en Veracruz asever\u00f3 que en miras a las pr\u00f3ximas campa\u00f1as pol\u00edticas en el \u00e1mbito federal demandan \u201cpiso parejo\u201d para todos los aspirantes a la candidatura de la presidencia de la rep\u00fablica.<\/p>\n\n\n\n<p>En conferencia de prensa, el l\u00edder partidista dijo que por ello esperan suelo parejo para Gerardo Fern\u00e1ndez Noro\u00f1a o cualquier otro personaje de dicho instituto pol\u00edtico que pueda aspirar a la candidatura cobijado por la alianza \u201cJuntos Haremos Historia\u201d.<\/p>\n\n\n\n<p>\u201cReconoceremos las conductas democr\u00e1ticas de nuestros aliados, as\u00ed como las contrarias; se\u00f1alaremos cualquier desv\u00edo de los dem\u00e1s aspirantes, as\u00ed como esperamos que hagan lo mismo en relaci\u00f3n al nuestro\u201d.<\/p>\n\n\n\n<p>En otro orden de ideas, el representante del PT critic\u00f3 el aumento a las copias certificadas del Poder Judicial del Estado por lo que afirm\u00f3 que las autoridades correspondientes deber\u00e1n de rendir cuentas sobre dicho recurso.<\/p>\n","protected":false},"excerpt":{"rendered":"<p>Israel Garc\u00eda Xalapa, Ver.- Vicente Aguilar Aguilar coordinador general de la Comisi\u00f3n Ejecutiva Estatal del Partido del Trabajo (PT) en Veracruz asever\u00f3 que en miras a las pr\u00f3ximas campa\u00f1as pol\u00edticas en el \u00e1mbito federal demandan \u201cpiso parejo\u201d para todos los aspirantes a la candidatura de la presidencia de la rep\u00fablica. En conferencia de prensa, el [&hellip;]<\/p>\n","protected":false},"author":2476,"featured_media":35875,"comment_status":"open","ping_status":"open","sticky":false,"template":"","format":"standard","meta":{"_jetpack_memberships_contains_paid_content":false,"footnotes":""},"categories":[2],"tags":[],"class_list":["post-35874","post","type-post","status-publish","format-standard","has-post-thumbnail","hentry","category-estado"],"jetpack_featured_media_url":"https:\/\/encuentroinformativo.com.mx\/wp-content\/uploads\/2023\/01\/IMG-20230124-WA00182.jpg","jetpack_sharing_enabled":true,"jetpack_likes_enabled":true,"amp_enabled":true,"_links":{"self":[{"href":"https:\/\/encuentroinformativo.com.mx\/index.php?rest_route=\/wp\/v2\/posts\/35874","targetHints":{"allow":["GET"]}}],"collection":[{"href":"https:\/\/encuentroinformativo.com.mx\/index.php?rest_route=\/wp\/v2\/posts"}],"about":[{"href":"https:\/\/encuentroinformativo.com.mx\/index.php?rest_route=\/wp\/v2\/types\/post"}],"author":[{"embeddable":true,"href":"https:\/\/encuentroinformativo.com.mx\/index.php?rest_route=\/wp\/v2\/users\/2476"}],"replies":[{"embeddable":true,"href":"https:\/\/encuentroinformativo.com.mx\/index.php?rest_route=%2Fwp%2Fv2%2Fcomments&post=35874"}],"version-history":[{"count":1,"href":"https:\/\/encuentroinformativo.com.mx\/index.php?rest_route=\/wp\/v2\/posts\/35874\/revisions"}],"predecessor-version":[{"id":35876,"href":"https:\/\/encuentroinformativo.com.mx\/index.php?rest_route=\/wp\/v2\/posts\/35874\/revisions\/35876"}],"wp:featuredmedia":[{"embeddable":true,"href":"https:\/\/encuentroinformativo.com.mx\/index.php?rest_route=\/wp\/v2\/media\/35875"}],"wp:attachment":[{"href":"https:\/\/encuentroinformativo.com.mx\/index.php?rest_route=%2Fwp%2Fv2%2Fmedia&parent=35874"}],"wp:term":[{"taxonomy":"category","embeddable":true,"href":"https:\/\/encuentroinformativo.com.mx\/index.php?rest_route=%2Fwp%2Fv2%2Fcategories&post=35874"},{"taxonomy":"post_tag","embeddable":true,"href":"https:\/\/encuentroinformativo.com.mx\/index.php?rest_route=%2Fwp%2Fv2%2Ftags&post=35874"}],"curies":[{"name":"wp","href":"https:\/\/api.w.org\/{rel}","templated":true}]}}