{"id":35877,"date":"2023-01-24T11:03:43","date_gmt":"2023-01-24T17:03:43","guid":{"rendered":"https:\/\/encuentroinformativo.com.mx\/?p=35877"},"modified":"2023-01-24T15:07:17","modified_gmt":"2023-01-24T21:07:17","slug":"anuncia-ivec-programa-de-publicaciones","status":"publish","type":"post","link":"https:\/\/encuentroinformativo.com.mx\/?p=35877","title":{"rendered":"Anuncia IVEC programa de publicaciones"},"content":{"rendered":"\n<p><strong>Juan Arcos <\/strong><\/p>\n\n\n\n<p>Xalapa, Ver.- El Instituto Veracruzano de la Cultura (IVEC) destinar\u00e1 245 mil pesos a cada una de las cuatro colecciones del Programa de Publicaciones 2023, donde podr\u00e1n participar escritoras, escritores, editoras, editores y editoriales independientes.<\/p>\n\n\n\n<p>As\u00ed lo dio a conocer Jos\u00e9 Antonio Guti\u00e9rrez Bonilla, subdirector de Formaci\u00f3n y Desarrollo Art\u00edstico del IVEC, quien anunci\u00f3 la convocatoria de dicho programa, que tiene el objetivo de fomentar la producci\u00f3n y divulgaci\u00f3n de las obras de autoras y autores veracruzanos en formato impreso.<\/p>\n\n\n\n<p>En conferencia de prensa, realizada en la Galer\u00eda de Arte Contempor\u00e1neo de Xalapa (GACX), detall\u00f3 que existen dos categor\u00edas en este programa: Edici\u00f3n y Coedici\u00f3n.<\/p>\n\n\n\n<p>En la primera podr\u00e1n participar personas mayores de 18 a\u00f1os, nacidas en Veracruz o que acrediten una residencia m\u00ednima de tres a\u00f1os, interesadas en publicar una obra literaria in\u00e9dita, de cuyos derechos sean titulares, en una de las colecciones de la Editorial IVEC: Agua Clara, Voladores, Voces de la Tierra y Amoxtli.<\/p>\n\n\n\n<p>La segunda categor\u00eda est\u00e1 dirigida a las editoriales mexicanas independientes o personas f\u00edsicas con actividad empresarial en el ramo editorial, con una trayectoria comprobable en el campo de la edici\u00f3n, interesadas en publicar la obra de autoras o autores originarios del estado de Veracruz, donde la aportaci\u00f3n m\u00e1xima del IVEC para la coedici\u00f3n ser\u00e1 de 50 mil pesos.<br>Guti\u00e9rrez Bonilla inform\u00f3 que el periodo de recepci\u00f3n de las propuestas comienza a partir de la publicaci\u00f3n de la presente convocatoria y finaliza el viernes 31 de marzo.<\/p>\n\n\n\n<p>Los resultados de la convocatoria se dar\u00e1n a conocer el pr\u00f3ximo viernes 30 de junio, a trav\u00e9s de la p\u00e1gina web\u00a0<a rel=\"noreferrer noopener\" href=\"http:\/\/www.ivec.gob.mx\/\" target=\"_blank\">www.ivec.gob.mx<\/a>\u00a0y de las redes sociales del IVEC.<\/p>\n\n\n\n<p>El a\u00f1o pasado fueron recibidos 37 trabajos y se espera superar esta cifra durante este 2023.<\/p>\n","protected":false},"excerpt":{"rendered":"<p>Juan Arcos Xalapa, Ver.- El Instituto Veracruzano de la Cultura (IVEC) destinar\u00e1 245 mil pesos a cada una de las cuatro colecciones del Programa de Publicaciones 2023, donde podr\u00e1n participar escritoras, escritores, editoras, editores y editoriales independientes. As\u00ed lo dio a conocer Jos\u00e9 Antonio Guti\u00e9rrez Bonilla, subdirector de Formaci\u00f3n y Desarrollo Art\u00edstico del IVEC, quien [&hellip;]<\/p>\n","protected":false},"author":2476,"featured_media":35878,"comment_status":"open","ping_status":"open","sticky":false,"template":"","format":"standard","meta":{"_jetpack_memberships_contains_paid_content":false,"footnotes":""},"categories":[2],"tags":[],"class_list":["post-35877","post","type-post","status-publish","format-standard","has-post-thumbnail","hentry","category-estado"],"jetpack_featured_media_url":"https:\/\/encuentroinformativo.com.mx\/wp-content\/uploads\/2023\/01\/IMG_0336.jpg","jetpack_sharing_enabled":true,"jetpack_likes_enabled":true,"amp_enabled":true,"_links":{"self":[{"href":"https:\/\/encuentroinformativo.com.mx\/index.php?rest_route=\/wp\/v2\/posts\/35877","targetHints":{"allow":["GET"]}}],"collection":[{"href":"https:\/\/encuentroinformativo.com.mx\/index.php?rest_route=\/wp\/v2\/posts"}],"about":[{"href":"https:\/\/encuentroinformativo.com.mx\/index.php?rest_route=\/wp\/v2\/types\/post"}],"author":[{"embeddable":true,"href":"https:\/\/encuentroinformativo.com.mx\/index.php?rest_route=\/wp\/v2\/users\/2476"}],"replies":[{"embeddable":true,"href":"https:\/\/encuentroinformativo.com.mx\/index.php?rest_route=%2Fwp%2Fv2%2Fcomments&post=35877"}],"version-history":[{"count":1,"href":"https:\/\/encuentroinformativo.com.mx\/index.php?rest_route=\/wp\/v2\/posts\/35877\/revisions"}],"predecessor-version":[{"id":35879,"href":"https:\/\/encuentroinformativo.com.mx\/index.php?rest_route=\/wp\/v2\/posts\/35877\/revisions\/35879"}],"wp:featuredmedia":[{"embeddable":true,"href":"https:\/\/encuentroinformativo.com.mx\/index.php?rest_route=\/wp\/v2\/media\/35878"}],"wp:attachment":[{"href":"https:\/\/encuentroinformativo.com.mx\/index.php?rest_route=%2Fwp%2Fv2%2Fmedia&parent=35877"}],"wp:term":[{"taxonomy":"category","embeddable":true,"href":"https:\/\/encuentroinformativo.com.mx\/index.php?rest_route=%2Fwp%2Fv2%2Fcategories&post=35877"},{"taxonomy":"post_tag","embeddable":true,"href":"https:\/\/encuentroinformativo.com.mx\/index.php?rest_route=%2Fwp%2Fv2%2Ftags&post=35877"}],"curies":[{"name":"wp","href":"https:\/\/api.w.org\/{rel}","templated":true}]}}