{"id":35880,"date":"2023-01-24T15:10:09","date_gmt":"2023-01-24T21:10:09","guid":{"rendered":"https:\/\/encuentroinformativo.com.mx\/?p=35880"},"modified":"2023-01-24T15:10:14","modified_gmt":"2023-01-24T21:10:14","slug":"amlo-responde-a-hijo-de-moises-sanchez-tras-8-anos-de-su-impune-asesinato","status":"publish","type":"post","link":"https:\/\/encuentroinformativo.com.mx\/?p=35880","title":{"rendered":"AMLO responde a hijo de Mois\u00e9s S\u00e1nchez tras 8 a\u00f1os de su impune asesinato"},"content":{"rendered":"\n<p><strong>Alejandro \u00c1vila<\/strong><\/p>\n\n\n\n<p>Ciudad de M\u00e9xico, Mex.- Ocho a\u00f1os han pasado desde el asesinato de Mois\u00e9s S\u00e1nchez en Medell\u00edn de Bravo, sin que hasta el momento sea haya dado con los responsables del atroz crimen.<\/p>\n\n\n\n<p>Este martes 24 de enero en su aniversario luctuoso, su hijo, Jorge S\u00e1nchez, acudi\u00f3 &#8220;La Ma\u00f1anera&#8221; para solicitar respuestas del presidente Andr\u00e9s Manuel L\u00f3pez Obrador.<\/p>\n\n\n\n<p>Jorge S\u00e1nchez le dijo al Ejecutivo Federal, qu\u00e9 familiares de los periodistas asesinados en la Rep\u00fablica Mexicana han tenido que formar una red para solicitar apoyo internacional, pues las instituciones de justicia en M\u00e9xico han dado &#8220;carpetazo&#8221; a la situaci\u00f3n.<\/p>\n\n\n\n<p>&#8220;La justicia tiene quedarse aqu\u00ed (M\u00e9xico), no va a haber justicia en otras partes, tenemos nosotros que garantizar que haya justicia (\u2026) y va a haber justicia, siempre, y la justicia puede tardar pero llega, cu\u00e1ndo hay voluntad, y cuando yo hablo de que no hay impunidad es porque no permitimos la impunidad de nadie, pero corresponde en este caso la Fiscal\u00eda y nosotros tambi\u00e9n, ayudamos y lo vamos a seguir haciendo, re\u00fananse con Rosa Isela Rodr\u00edguez, yo le voy a pedir, es m\u00e1s, ven el jueves qu\u00e9 va a haber la informaci\u00f3n sobre el combate a la impunidad, ella va a hablar sobre estos casos&#8221;, puntualiz\u00f3 L\u00f3pez Obrador.<\/p>\n\n\n\n<p>Jorge S\u00e1nchez le dijo el presidente de la rep\u00fablica qu\u00e9 no existe una intenci\u00f3n de &#8220;golpear&#8221; a su gobierno, \u00fanica y exclusivamente est\u00e1n buscando se encuentren a los culpables de los periodistas asesinados, por lo cual tambi\u00e9n solicit\u00f3 una reuni\u00f3n privada con Andr\u00e9s Manuel L\u00f3pez Obrador, que a\u00fan est\u00e1 pendiente.<\/p>\n","protected":false},"excerpt":{"rendered":"<p>Alejandro \u00c1vila Ciudad de M\u00e9xico, Mex.- Ocho a\u00f1os han pasado desde el asesinato de Mois\u00e9s S\u00e1nchez en Medell\u00edn de Bravo, sin que hasta el momento sea haya dado con los responsables del atroz crimen. Este martes 24 de enero en su aniversario luctuoso, su hijo, Jorge S\u00e1nchez, acudi\u00f3 &#8220;La Ma\u00f1anera&#8221; para solicitar respuestas del presidente [&hellip;]<\/p>\n","protected":false},"author":2476,"featured_media":35881,"comment_status":"open","ping_status":"open","sticky":false,"template":"","format":"standard","meta":{"_jetpack_memberships_contains_paid_content":false,"footnotes":""},"categories":[2,12],"tags":[],"class_list":["post-35880","post","type-post","status-publish","format-standard","has-post-thumbnail","hentry","category-estado","category-nacional"],"jetpack_featured_media_url":"https:\/\/encuentroinformativo.com.mx\/wp-content\/uploads\/2023\/01\/Screenshot_20230124-150808.png","jetpack_sharing_enabled":true,"jetpack_likes_enabled":true,"amp_enabled":true,"_links":{"self":[{"href":"https:\/\/encuentroinformativo.com.mx\/index.php?rest_route=\/wp\/v2\/posts\/35880","targetHints":{"allow":["GET"]}}],"collection":[{"href":"https:\/\/encuentroinformativo.com.mx\/index.php?rest_route=\/wp\/v2\/posts"}],"about":[{"href":"https:\/\/encuentroinformativo.com.mx\/index.php?rest_route=\/wp\/v2\/types\/post"}],"author":[{"embeddable":true,"href":"https:\/\/encuentroinformativo.com.mx\/index.php?rest_route=\/wp\/v2\/users\/2476"}],"replies":[{"embeddable":true,"href":"https:\/\/encuentroinformativo.com.mx\/index.php?rest_route=%2Fwp%2Fv2%2Fcomments&post=35880"}],"version-history":[{"count":1,"href":"https:\/\/encuentroinformativo.com.mx\/index.php?rest_route=\/wp\/v2\/posts\/35880\/revisions"}],"predecessor-version":[{"id":35882,"href":"https:\/\/encuentroinformativo.com.mx\/index.php?rest_route=\/wp\/v2\/posts\/35880\/revisions\/35882"}],"wp:featuredmedia":[{"embeddable":true,"href":"https:\/\/encuentroinformativo.com.mx\/index.php?rest_route=\/wp\/v2\/media\/35881"}],"wp:attachment":[{"href":"https:\/\/encuentroinformativo.com.mx\/index.php?rest_route=%2Fwp%2Fv2%2Fmedia&parent=35880"}],"wp:term":[{"taxonomy":"category","embeddable":true,"href":"https:\/\/encuentroinformativo.com.mx\/index.php?rest_route=%2Fwp%2Fv2%2Fcategories&post=35880"},{"taxonomy":"post_tag","embeddable":true,"href":"https:\/\/encuentroinformativo.com.mx\/index.php?rest_route=%2Fwp%2Fv2%2Ftags&post=35880"}],"curies":[{"name":"wp","href":"https:\/\/api.w.org\/{rel}","templated":true}]}}